{"id":1991,"date":"2018-06-21T19:51:03","date_gmt":"2018-06-21T17:51:03","guid":{"rendered":"https:\/\/madridforrefugees.org\/?p=1991"},"modified":"2018-06-24T22:01:01","modified_gmt":"2018-06-24T20:01:01","slug":"la-comida-siria-de-samira-refugee-food-festival-dia-2-20-06-2018","status":"publish","type":"post","link":"https:\/\/madridforrefugees.org\/es\/la-comida-siria-de-samira-refugee-food-festival-dia-2-20-06-2018\/","title":{"rendered":"La comida siria de Samira: Refugee Food Festival, d\u00eda 2, 20.06.2018"},"content":{"rendered":"<p><a href=\"https:\/\/madridforrefugees.org\/wp-content\/uploads\/2018\/06\/Samira-3-1.jpg\"><img loading=\"lazy\" decoding=\"async\" class=\"alignnone size-large wp-image-1994\" src=\"https:\/\/madridforrefugees.org\/wp-content\/uploads\/2018\/06\/Samira-3-1-1024x683.jpg\" alt=\"\" width=\"1024\" height=\"683\" srcset=\"https:\/\/madridforrefugees.org\/wp-content\/uploads\/2018\/06\/Samira-3-1-1024x683.jpg 1024w, https:\/\/madridforrefugees.org\/wp-content\/uploads\/2018\/06\/Samira-3-1-300x200.jpg 300w, https:\/\/madridforrefugees.org\/wp-content\/uploads\/2018\/06\/Samira-3-1-768x512.jpg 768w, https:\/\/madridforrefugees.org\/wp-content\/uploads\/2018\/06\/Samira-3-1-272x182.jpg 272w, https:\/\/madridforrefugees.org\/wp-content\/uploads\/2018\/06\/Samira-3-1.jpg 1200w\" sizes=\"auto, (max-width: 1024px) 100vw, 1024px\" \/><\/a><\/p>\n<p>El primer vistazo que los comenzales tuvieron de Samira, la chef invitada oriunda de Siria, fueron momentos fugaces cuando sal\u00eda de la cocina con un semblante de calma y una sonrisa en su cara para ir a servir los platos que con tanto esfuerzo hab\u00eda cocinado para los asistentes, antes de desaparecer otra vez entre el vapor y la concurrida cocina de Banibanoo. \u00a0Los esfuerzos de Samira marcaron el segundo d\u00eda del \u00e9xitoso festival de comida\u00a0 Refugee Food Festival, co- organizado por MFR y Chefugee, que tomar\u00e1 lugar en Madrid toda esta semana.<\/p>\n<p>En Aleppo, Samira sol\u00eda ser cosmet\u00f3loga y peluquera, aunque aprendi\u00f3 algunos secretos de cocina a trav\u00e9s de su familia en su tiempo en L\u00edbano, no fue hasta que lleg\u00f3 a Madrid el a\u00f1o pasado con su familia, que persigui\u00f3 su pasi\u00f3n por la cocina donde logr\u00f3 integrarse r\u00e1pidamente con un trabajo en un restaurante. Despu\u00e9s de tomar un curso en el <em>Centro para Inmigrantes de Santo Padre Rubio <\/em>se ha transformado en una chef incre\u00edblemente competente mostrando su talento en varias ocasiones en las cenas de <em>Chefugee, <\/em>y hasta present\u00e1ndole su plato de comida a la Alcaldesa de Madrid, Manuela Carmena, en la m\u00e1s reciente conferencia de prensa de ACNUR. Esta tarde, Samira brill\u00f3 como una de las siete joyas culinarias del festival.<\/p>\n<figure id=\"attachment_1993\" aria-describedby=\"caption-attachment-1993\" style=\"width: 768px\" class=\"wp-caption alignnone\"><a href=\"https:\/\/madridforrefugees.org\/wp-content\/uploads\/2018\/06\/Samira-2-1.jpg\"><img loading=\"lazy\" decoding=\"async\" class=\"size-large wp-image-1993\" src=\"https:\/\/madridforrefugees.org\/wp-content\/uploads\/2018\/06\/Samira-2-1-768x1024.jpg\" alt=\"\" width=\"768\" height=\"1024\" srcset=\"https:\/\/madridforrefugees.org\/wp-content\/uploads\/2018\/06\/Samira-2-1-768x1024.jpg 768w, https:\/\/madridforrefugees.org\/wp-content\/uploads\/2018\/06\/Samira-2-1-225x300.jpg 225w, https:\/\/madridforrefugees.org\/wp-content\/uploads\/2018\/06\/Samira-2-1-150x200.jpg 150w, https:\/\/madridforrefugees.org\/wp-content\/uploads\/2018\/06\/Samira-2-1.jpg 900w\" sizes=\"auto, (max-width: 768px) 100vw, 768px\" \/><\/a><figcaption id=\"caption-attachment-1993\" class=\"wp-caption-text\">La humilde Samira<\/figcaption><\/figure>\n<p>Samira me cont\u00f3 que disfruta cocinar porque cree que es una actividad positiva y art\u00edstica, que sin duda di\u00f3 resultados a una obra maestra para los invitados de la tarde. El men\u00fa especial de la tarde inclu\u00eda tres platos rebozando de cultura siria. La primera opci\u00f3n era Tabbouleh (o Qras Kibbeh) con notas c\u00edtricas, un plato con valor sentimental para Samira ya que le recuerda a sus comidas familiares en Siria. Le sigui\u00f3 un segundo plato de Mansaf Freekeh, una receta de medio oriente de pollo especiado con arroz, que recibi\u00f3 particular elogio de parte del p\u00fablico. Todo esto cerrado por un broche de oro con un postre tradicional sirio llamado Kunafah.<\/p>\n<figure id=\"attachment_1992\" aria-describedby=\"caption-attachment-1992\" style=\"width: 683px\" class=\"wp-caption alignnone\"><a href=\"https:\/\/madridforrefugees.org\/wp-content\/uploads\/2018\/06\/Samira-1-1.jpg\"><img loading=\"lazy\" decoding=\"async\" class=\"size-large wp-image-1992\" src=\"https:\/\/madridforrefugees.org\/wp-content\/uploads\/2018\/06\/Samira-1-1-683x1024.jpg\" alt=\"\" width=\"683\" height=\"1024\" srcset=\"https:\/\/madridforrefugees.org\/wp-content\/uploads\/2018\/06\/Samira-1-1-683x1024.jpg 683w, https:\/\/madridforrefugees.org\/wp-content\/uploads\/2018\/06\/Samira-1-1-200x300.jpg 200w, https:\/\/madridforrefugees.org\/wp-content\/uploads\/2018\/06\/Samira-1-1-768x1152.jpg 768w, https:\/\/madridforrefugees.org\/wp-content\/uploads\/2018\/06\/Samira-1-1-133x200.jpg 133w, https:\/\/madridforrefugees.org\/wp-content\/uploads\/2018\/06\/Samira-1-1.jpg 800w\" sizes=\"auto, (max-width: 683px) 100vw, 683px\" \/><\/a><figcaption id=\"caption-attachment-1992\" class=\"wp-caption-text\">Plato sentimental de Samira, Kibbeh<\/figcaption><\/figure>\n<p>Los anfitriones de esta tarde fueron los integrantes de cocina de Banibanoo, un restaurante de cocina Iran\u00ed que fue perfectamente integrado por el toque de comida siria.\u00a0 Su cocina no es extra\u00f1a a los cocineros de Chefugee ya que Nour, el chef que cocinar\u00e1 el jueves para el festival, trabaja ah\u00ed y estuvo hoy colaborando con el equipo de cocina. Samira me dijo que le ha parecido que la experiencia en Banibanoo ha sido \u201cextremedamente positiva\u201d explicando como ha aprendido much\u00edsimo con el gerente, Bani, qui\u00e9n la ha ayudado a desarrollar su habilidad culinaria.<\/p>\n<p>El segundo d\u00eda de Refugee Food Festival prosigui\u00f3 funcionando efectivamente hacia el objetivo de la des estigmatizaci\u00f3n de refugiados, rompiendo barreras a trav\u00e9s de experiencias culinarias. Para aquellos que han disfrutado el men\u00fa \u201ces una ocasi\u00f3n amistosa en el cual ambos nuestros cuerpos y almas son alimentadas.\u201d Tambi\u00e9n los chefs ha sido una experiencia educativa;\u00a0 una oportunidad de cambiar perspectivas sobre su\u00a0 pa\u00eds, su hogar y su cultura; o simplemente como Samira lo expres\u00f3 \u201cMe gusta ver la reacci\u00f3n de la gente cuando cocino, porque me gusta verles sonre\u00edr.\u201d Cuando sali\u00f3 por \u00faltima vez de la cocina para saludar a los comensales, vi\u00f3 un sal\u00f3n lleno de sonrisas y caras satisfechas.<\/p>\n<p>Refugee Food Festival &#8211; <a href=\"http:\/\/www.refugeefoodfestival.com\/portfolio\/madrid-2018\/\">Website<\/a><\/p>\n<p>Escrito por Sam Allan<\/p>\n<p>Traducido por Roc\u00edo Argueta<\/p>\n<p>Fotograf\u00eda por <a href=\"http:\/\/www.janemitchell.es\/\">Jane Mitchell<\/a><\/p>\n","protected":false},"excerpt":{"rendered":"<p>El primer vistazo que los comenzales tuvieron de Samira, la chef invitada oriunda de Siria, fueron momentos fugaces cuando sal\u00eda de la cocina con un semblante de calma y una sonrisa en su cara para ir a servir los platos que con tanto esfuerzo hab\u00eda cocinado para los asistentes, antes &hellip;<\/p>\n","protected":false},"author":27,"featured_media":1988,"comment_status":"closed","ping_status":"open","sticky":false,"template":"","format":"standard","meta":{"_monsterinsights_skip_tracking":false,"_monsterinsights_sitenote_active":false,"_monsterinsights_sitenote_note":"","_monsterinsights_sitenote_category":0,"_jetpack_memberships_contains_paid_content":false,"footnotes":"","jetpack_publicize_message":"","jetpack_publicize_feature_enabled":true,"jetpack_social_post_already_shared":false,"jetpack_social_options":{"image_generator_settings":{"template":"highway","enabled":false},"version":2}},"categories":[129,161,82],"tags":[],"class_list":["post-1991","post","type-post","status-publish","format-standard","has-post-thumbnail","hentry","category-chefugee-es","category-eventos","category-noticias"],"yoast_head":"<!-- This site is optimized with the Yoast SEO plugin v25.2 - https:\/\/yoast.com\/wordpress\/plugins\/seo\/ -->\n<title>La comida siria de Samira: Refugee Food Festival, d\u00eda 2, 20.06.2018 - Madrid For Refugees<\/title>\n<meta name=\"robots\" content=\"index, follow, max-snippet:-1, max-image-preview:large, max-video-preview:-1\" \/>\n<link rel=\"canonical\" href=\"https:\/\/madridforrefugees.org\/es\/la-comida-siria-de-samira-refugee-food-festival-dia-2-20-06-2018\/\" \/>\n<meta property=\"og:locale\" content=\"es_ES\" \/>\n<meta property=\"og:type\" content=\"article\" \/>\n<meta property=\"og:title\" content=\"La comida siria de Samira: Refugee Food Festival, d\u00eda 2, 20.06.2018 - Madrid For Refugees\" \/>\n<meta property=\"og:description\" content=\"El primer vistazo que los comenzales tuvieron de Samira, la chef invitada oriunda de Siria, fueron momentos fugaces cuando sal\u00eda de la cocina con un semblante de calma y una sonrisa en su cara para ir a servir los platos que con tanto esfuerzo hab\u00eda cocinado para los asistentes, antes &hellip;\" \/>\n<meta property=\"og:url\" content=\"https:\/\/madridforrefugees.org\/es\/la-comida-siria-de-samira-refugee-food-festival-dia-2-20-06-2018\/\" \/>\n<meta property=\"og:site_name\" content=\"Madrid For Refugees\" \/>\n<meta property=\"article:publisher\" content=\"https:\/\/www.facebook.com\/Madrid4Refugees\/\" \/>\n<meta property=\"article:published_time\" content=\"2018-06-21T17:51:03+00:00\" \/>\n<meta property=\"article:modified_time\" content=\"2018-06-24T20:01:01+00:00\" \/>\n<meta property=\"og:image\" content=\"https:\/\/madridforrefugees.org\/wp-content\/uploads\/2018\/06\/Samira-2.jpg\" \/>\n\t<meta property=\"og:image:width\" content=\"900\" \/>\n\t<meta property=\"og:image:height\" content=\"1200\" \/>\n\t<meta property=\"og:image:type\" content=\"image\/jpeg\" \/>\n<meta name=\"author\" content=\"madridforrefugees\" \/>\n<meta name=\"twitter:card\" content=\"summary_large_image\" \/>\n<meta name=\"twitter:creator\" content=\"@Madrid4Refugees\" \/>\n<meta name=\"twitter:site\" content=\"@Madrid4Refugees\" \/>\n<meta name=\"twitter:label1\" content=\"Escrito por\" \/>\n\t<meta name=\"twitter:data1\" content=\"madridforrefugees\" \/>\n\t<meta name=\"twitter:label2\" content=\"Tiempo de lectura\" \/>\n\t<meta name=\"twitter:data2\" content=\"3 minutos\" \/>\n<script type=\"application\/ld+json\" class=\"yoast-schema-graph\">{\"@context\":\"https:\/\/schema.org\",\"@graph\":[{\"@type\":\"Article\",\"@id\":\"https:\/\/madridforrefugees.org\/es\/la-comida-siria-de-samira-refugee-food-festival-dia-2-20-06-2018\/#article\",\"isPartOf\":{\"@id\":\"https:\/\/madridforrefugees.org\/es\/la-comida-siria-de-samira-refugee-food-festival-dia-2-20-06-2018\/\"},\"author\":{\"name\":\"madridforrefugees\",\"@id\":\"https:\/\/madridforrefugees.org\/es\/home-2\/#\/schema\/person\/dc54e70a1f4c80ea7e662560032ba577\"},\"headline\":\"La comida siria de Samira: Refugee Food Festival, d\u00eda 2, 20.06.2018\",\"datePublished\":\"2018-06-21T17:51:03+00:00\",\"dateModified\":\"2018-06-24T20:01:01+00:00\",\"mainEntityOfPage\":{\"@id\":\"https:\/\/madridforrefugees.org\/es\/la-comida-siria-de-samira-refugee-food-festival-dia-2-20-06-2018\/\"},\"wordCount\":615,\"publisher\":{\"@id\":\"https:\/\/madridforrefugees.org\/es\/home-2\/#organization\"},\"image\":{\"@id\":\"https:\/\/madridforrefugees.org\/es\/la-comida-siria-de-samira-refugee-food-festival-dia-2-20-06-2018\/#primaryimage\"},\"thumbnailUrl\":\"https:\/\/madridforrefugees.org\/wp-content\/uploads\/2018\/06\/Samira-2.jpg\",\"articleSection\":[\"Chefugee\",\"Eventos\",\"Noticias\"],\"inLanguage\":\"es\"},{\"@type\":\"WebPage\",\"@id\":\"https:\/\/madridforrefugees.org\/es\/la-comida-siria-de-samira-refugee-food-festival-dia-2-20-06-2018\/\",\"url\":\"https:\/\/madridforrefugees.org\/es\/la-comida-siria-de-samira-refugee-food-festival-dia-2-20-06-2018\/\",\"name\":\"La comida siria de Samira: Refugee Food Festival, d\u00eda 2, 20.06.2018 - Madrid For Refugees\",\"isPartOf\":{\"@id\":\"https:\/\/madridforrefugees.org\/es\/home-2\/#website\"},\"primaryImageOfPage\":{\"@id\":\"https:\/\/madridforrefugees.org\/es\/la-comida-siria-de-samira-refugee-food-festival-dia-2-20-06-2018\/#primaryimage\"},\"image\":{\"@id\":\"https:\/\/madridforrefugees.org\/es\/la-comida-siria-de-samira-refugee-food-festival-dia-2-20-06-2018\/#primaryimage\"},\"thumbnailUrl\":\"https:\/\/madridforrefugees.org\/wp-content\/uploads\/2018\/06\/Samira-2.jpg\",\"datePublished\":\"2018-06-21T17:51:03+00:00\",\"dateModified\":\"2018-06-24T20:01:01+00:00\",\"breadcrumb\":{\"@id\":\"https:\/\/madridforrefugees.org\/es\/la-comida-siria-de-samira-refugee-food-festival-dia-2-20-06-2018\/#breadcrumb\"},\"inLanguage\":\"es\",\"potentialAction\":[{\"@type\":\"ReadAction\",\"target\":[\"https:\/\/madridforrefugees.org\/es\/la-comida-siria-de-samira-refugee-food-festival-dia-2-20-06-2018\/\"]}]},{\"@type\":\"ImageObject\",\"inLanguage\":\"es\",\"@id\":\"https:\/\/madridforrefugees.org\/es\/la-comida-siria-de-samira-refugee-food-festival-dia-2-20-06-2018\/#primaryimage\",\"url\":\"https:\/\/madridforrefugees.org\/wp-content\/uploads\/2018\/06\/Samira-2.jpg\",\"contentUrl\":\"https:\/\/madridforrefugees.org\/wp-content\/uploads\/2018\/06\/Samira-2.jpg\",\"width\":900,\"height\":1200,\"caption\":\"The humble Samira\"},{\"@type\":\"BreadcrumbList\",\"@id\":\"https:\/\/madridforrefugees.org\/es\/la-comida-siria-de-samira-refugee-food-festival-dia-2-20-06-2018\/#breadcrumb\",\"itemListElement\":[{\"@type\":\"ListItem\",\"position\":1,\"name\":\"Home\",\"item\":\"https:\/\/madridforrefugees.org\/es\/\"},{\"@type\":\"ListItem\",\"position\":2,\"name\":\"La comida siria de Samira: Refugee Food Festival, d\u00eda 2, 20.06.2018\"}]},{\"@type\":\"WebSite\",\"@id\":\"https:\/\/madridforrefugees.org\/es\/home-2\/#website\",\"url\":\"https:\/\/madridforrefugees.org\/es\/home-2\/\",\"name\":\"MadridForRefugees\",\"description\":\"Helping Refugees in Madrid and Abroad\",\"publisher\":{\"@id\":\"https:\/\/madridforrefugees.org\/es\/home-2\/#organization\"},\"potentialAction\":[{\"@type\":\"SearchAction\",\"target\":{\"@type\":\"EntryPoint\",\"urlTemplate\":\"https:\/\/madridforrefugees.org\/es\/home-2\/?s={search_term_string}\"},\"query-input\":{\"@type\":\"PropertyValueSpecification\",\"valueRequired\":true,\"valueName\":\"search_term_string\"}}],\"inLanguage\":\"es\"},{\"@type\":\"Organization\",\"@id\":\"https:\/\/madridforrefugees.org\/es\/home-2\/#organization\",\"name\":\"Madrid for Refugees\",\"url\":\"https:\/\/madridforrefugees.org\/es\/home-2\/\",\"logo\":{\"@type\":\"ImageObject\",\"inLanguage\":\"es\",\"@id\":\"https:\/\/madridforrefugees.org\/es\/home-2\/#\/schema\/logo\/image\/\",\"url\":\"https:\/\/madridforrefugees.org\/wp-content\/uploads\/2021\/11\/MFR-Logo-Initials-Words.png\",\"contentUrl\":\"https:\/\/madridforrefugees.org\/wp-content\/uploads\/2021\/11\/MFR-Logo-Initials-Words.png\",\"width\":233,\"height\":83,\"caption\":\"Madrid for Refugees\"},\"image\":{\"@id\":\"https:\/\/madridforrefugees.org\/es\/home-2\/#\/schema\/logo\/image\/\"},\"sameAs\":[\"https:\/\/www.facebook.com\/Madrid4Refugees\/\",\"https:\/\/x.com\/Madrid4Refugees\",\"https:\/\/www.instagram.com\/weloverefugees\/\",\"https:\/\/www.linkedin.com\/company\/madrid-for-refugees\",\"https:\/\/www.pinterest.com\/weloverefugees\/\"]},{\"@type\":\"Person\",\"@id\":\"https:\/\/madridforrefugees.org\/es\/home-2\/#\/schema\/person\/dc54e70a1f4c80ea7e662560032ba577\",\"name\":\"madridforrefugees\",\"url\":\"https:\/\/madridforrefugees.org\/es\/author\/madridforrefugees\/\"}]}<\/script>\n<!-- \/ Yoast SEO plugin. -->","yoast_head_json":{"title":"La comida siria de Samira: Refugee Food Festival, d\u00eda 2, 20.06.2018 - Madrid For Refugees","robots":{"index":"index","follow":"follow","max-snippet":"max-snippet:-1","max-image-preview":"max-image-preview:large","max-video-preview":"max-video-preview:-1"},"canonical":"https:\/\/madridforrefugees.org\/es\/la-comida-siria-de-samira-refugee-food-festival-dia-2-20-06-2018\/","og_locale":"es_ES","og_type":"article","og_title":"La comida siria de Samira: Refugee Food Festival, d\u00eda 2, 20.06.2018 - Madrid For Refugees","og_description":"El primer vistazo que los comenzales tuvieron de Samira, la chef invitada oriunda de Siria, fueron momentos fugaces cuando sal\u00eda de la cocina con un semblante de calma y una sonrisa en su cara para ir a servir los platos que con tanto esfuerzo hab\u00eda cocinado para los asistentes, antes &hellip;","og_url":"https:\/\/madridforrefugees.org\/es\/la-comida-siria-de-samira-refugee-food-festival-dia-2-20-06-2018\/","og_site_name":"Madrid For Refugees","article_publisher":"https:\/\/www.facebook.com\/Madrid4Refugees\/","article_published_time":"2018-06-21T17:51:03+00:00","article_modified_time":"2018-06-24T20:01:01+00:00","og_image":[{"width":900,"height":1200,"url":"https:\/\/madridforrefugees.org\/wp-content\/uploads\/2018\/06\/Samira-2.jpg","type":"image\/jpeg"}],"author":"madridforrefugees","twitter_card":"summary_large_image","twitter_creator":"@Madrid4Refugees","twitter_site":"@Madrid4Refugees","twitter_misc":{"Escrito por":"madridforrefugees","Tiempo de lectura":"3 minutos"},"schema":{"@context":"https:\/\/schema.org","@graph":[{"@type":"Article","@id":"https:\/\/madridforrefugees.org\/es\/la-comida-siria-de-samira-refugee-food-festival-dia-2-20-06-2018\/#article","isPartOf":{"@id":"https:\/\/madridforrefugees.org\/es\/la-comida-siria-de-samira-refugee-food-festival-dia-2-20-06-2018\/"},"author":{"name":"madridforrefugees","@id":"https:\/\/madridforrefugees.org\/es\/home-2\/#\/schema\/person\/dc54e70a1f4c80ea7e662560032ba577"},"headline":"La comida siria de Samira: Refugee Food Festival, d\u00eda 2, 20.06.2018","datePublished":"2018-06-21T17:51:03+00:00","dateModified":"2018-06-24T20:01:01+00:00","mainEntityOfPage":{"@id":"https:\/\/madridforrefugees.org\/es\/la-comida-siria-de-samira-refugee-food-festival-dia-2-20-06-2018\/"},"wordCount":615,"publisher":{"@id":"https:\/\/madridforrefugees.org\/es\/home-2\/#organization"},"image":{"@id":"https:\/\/madridforrefugees.org\/es\/la-comida-siria-de-samira-refugee-food-festival-dia-2-20-06-2018\/#primaryimage"},"thumbnailUrl":"https:\/\/madridforrefugees.org\/wp-content\/uploads\/2018\/06\/Samira-2.jpg","articleSection":["Chefugee","Eventos","Noticias"],"inLanguage":"es"},{"@type":"WebPage","@id":"https:\/\/madridforrefugees.org\/es\/la-comida-siria-de-samira-refugee-food-festival-dia-2-20-06-2018\/","url":"https:\/\/madridforrefugees.org\/es\/la-comida-siria-de-samira-refugee-food-festival-dia-2-20-06-2018\/","name":"La comida siria de Samira: Refugee Food Festival, d\u00eda 2, 20.06.2018 - Madrid For Refugees","isPartOf":{"@id":"https:\/\/madridforrefugees.org\/es\/home-2\/#website"},"primaryImageOfPage":{"@id":"https:\/\/madridforrefugees.org\/es\/la-comida-siria-de-samira-refugee-food-festival-dia-2-20-06-2018\/#primaryimage"},"image":{"@id":"https:\/\/madridforrefugees.org\/es\/la-comida-siria-de-samira-refugee-food-festival-dia-2-20-06-2018\/#primaryimage"},"thumbnailUrl":"https:\/\/madridforrefugees.org\/wp-content\/uploads\/2018\/06\/Samira-2.jpg","datePublished":"2018-06-21T17:51:03+00:00","dateModified":"2018-06-24T20:01:01+00:00","breadcrumb":{"@id":"https:\/\/madridforrefugees.org\/es\/la-comida-siria-de-samira-refugee-food-festival-dia-2-20-06-2018\/#breadcrumb"},"inLanguage":"es","potentialAction":[{"@type":"ReadAction","target":["https:\/\/madridforrefugees.org\/es\/la-comida-siria-de-samira-refugee-food-festival-dia-2-20-06-2018\/"]}]},{"@type":"ImageObject","inLanguage":"es","@id":"https:\/\/madridforrefugees.org\/es\/la-comida-siria-de-samira-refugee-food-festival-dia-2-20-06-2018\/#primaryimage","url":"https:\/\/madridforrefugees.org\/wp-content\/uploads\/2018\/06\/Samira-2.jpg","contentUrl":"https:\/\/madridforrefugees.org\/wp-content\/uploads\/2018\/06\/Samira-2.jpg","width":900,"height":1200,"caption":"The humble Samira"},{"@type":"BreadcrumbList","@id":"https:\/\/madridforrefugees.org\/es\/la-comida-siria-de-samira-refugee-food-festival-dia-2-20-06-2018\/#breadcrumb","itemListElement":[{"@type":"ListItem","position":1,"name":"Home","item":"https:\/\/madridforrefugees.org\/es\/"},{"@type":"ListItem","position":2,"name":"La comida siria de Samira: Refugee Food Festival, d\u00eda 2, 20.06.2018"}]},{"@type":"WebSite","@id":"https:\/\/madridforrefugees.org\/es\/home-2\/#website","url":"https:\/\/madridforrefugees.org\/es\/home-2\/","name":"MadridForRefugees","description":"Helping Refugees in Madrid and Abroad","publisher":{"@id":"https:\/\/madridforrefugees.org\/es\/home-2\/#organization"},"potentialAction":[{"@type":"SearchAction","target":{"@type":"EntryPoint","urlTemplate":"https:\/\/madridforrefugees.org\/es\/home-2\/?s={search_term_string}"},"query-input":{"@type":"PropertyValueSpecification","valueRequired":true,"valueName":"search_term_string"}}],"inLanguage":"es"},{"@type":"Organization","@id":"https:\/\/madridforrefugees.org\/es\/home-2\/#organization","name":"Madrid for Refugees","url":"https:\/\/madridforrefugees.org\/es\/home-2\/","logo":{"@type":"ImageObject","inLanguage":"es","@id":"https:\/\/madridforrefugees.org\/es\/home-2\/#\/schema\/logo\/image\/","url":"https:\/\/madridforrefugees.org\/wp-content\/uploads\/2021\/11\/MFR-Logo-Initials-Words.png","contentUrl":"https:\/\/madridforrefugees.org\/wp-content\/uploads\/2021\/11\/MFR-Logo-Initials-Words.png","width":233,"height":83,"caption":"Madrid for Refugees"},"image":{"@id":"https:\/\/madridforrefugees.org\/es\/home-2\/#\/schema\/logo\/image\/"},"sameAs":["https:\/\/www.facebook.com\/Madrid4Refugees\/","https:\/\/x.com\/Madrid4Refugees","https:\/\/www.instagram.com\/weloverefugees\/","https:\/\/www.linkedin.com\/company\/madrid-for-refugees","https:\/\/www.pinterest.com\/weloverefugees\/"]},{"@type":"Person","@id":"https:\/\/madridforrefugees.org\/es\/home-2\/#\/schema\/person\/dc54e70a1f4c80ea7e662560032ba577","name":"madridforrefugees","url":"https:\/\/madridforrefugees.org\/es\/author\/madridforrefugees\/"}]}},"jetpack_publicize_connections":[],"jetpack_featured_media_url":"https:\/\/madridforrefugees.org\/wp-content\/uploads\/2018\/06\/Samira-2.jpg","jetpack_likes_enabled":true,"jetpack_sharing_enabled":true,"amp_enabled":true,"_links":{"self":[{"href":"https:\/\/madridforrefugees.org\/es\/wp-json\/wp\/v2\/posts\/1991","targetHints":{"allow":["GET"]}}],"collection":[{"href":"https:\/\/madridforrefugees.org\/es\/wp-json\/wp\/v2\/posts"}],"about":[{"href":"https:\/\/madridforrefugees.org\/es\/wp-json\/wp\/v2\/types\/post"}],"author":[{"embeddable":true,"href":"https:\/\/madridforrefugees.org\/es\/wp-json\/wp\/v2\/users\/27"}],"replies":[{"embeddable":true,"href":"https:\/\/madridforrefugees.org\/es\/wp-json\/wp\/v2\/comments?post=1991"}],"version-history":[{"count":0,"href":"https:\/\/madridforrefugees.org\/es\/wp-json\/wp\/v2\/posts\/1991\/revisions"}],"wp:featuredmedia":[{"embeddable":true,"href":"https:\/\/madridforrefugees.org\/es\/wp-json\/wp\/v2\/media\/1988"}],"wp:attachment":[{"href":"https:\/\/madridforrefugees.org\/es\/wp-json\/wp\/v2\/media?parent=1991"}],"wp:term":[{"taxonomy":"category","embeddable":true,"href":"https:\/\/madridforrefugees.org\/es\/wp-json\/wp\/v2\/categories?post=1991"},{"taxonomy":"post_tag","embeddable":true,"href":"https:\/\/madridforrefugees.org\/es\/wp-json\/wp\/v2\/tags?post=1991"}],"curies":[{"name":"wp","href":"https:\/\/api.w.org\/{rel}","templated":true}]}}