{"id":2087,"date":"2018-06-27T13:36:22","date_gmt":"2018-06-27T11:36:22","guid":{"rendered":"https:\/\/madridforrefugees.org\/?p=2087"},"modified":"2018-06-27T13:36:22","modified_gmt":"2018-06-27T11:36:22","slug":"tendiendo-puentes-con-rachida-en-el-ochenta-nextdoor-refugee-food-festival-dia-5-23-06-2018","status":"publish","type":"post","link":"https:\/\/madridforrefugees.org\/es\/tendiendo-puentes-con-rachida-en-el-ochenta-nextdoor-refugee-food-festival-dia-5-23-06-2018\/","title":{"rendered":"Tendiendo puentes con Rachida en el Ochenta Nextdoor, Refugee Food Festival d\u00eda 5, 23.06.2018"},"content":{"rendered":"<figure id=\"attachment_2090\" aria-describedby=\"caption-attachment-2090\" style=\"width: 1024px\" class=\"wp-caption alignnone\"><a href=\"https:\/\/madridforrefugees.org\/wp-content\/uploads\/2018\/06\/Rachida-3-1.jpg\"><img loading=\"lazy\" decoding=\"async\" class=\"size-large wp-image-2090\" src=\"https:\/\/madridforrefugees.org\/wp-content\/uploads\/2018\/06\/Rachida-3-1-1024x683.jpg\" alt=\"\" width=\"1024\" height=\"683\" srcset=\"https:\/\/madridforrefugees.org\/wp-content\/uploads\/2018\/06\/Rachida-3-1-1024x683.jpg 1024w, https:\/\/madridforrefugees.org\/wp-content\/uploads\/2018\/06\/Rachida-3-1-300x200.jpg 300w, https:\/\/madridforrefugees.org\/wp-content\/uploads\/2018\/06\/Rachida-3-1-768x512.jpg 768w, https:\/\/madridforrefugees.org\/wp-content\/uploads\/2018\/06\/Rachida-3-1-272x182.jpg 272w, https:\/\/madridforrefugees.org\/wp-content\/uploads\/2018\/06\/Rachida-3-1.jpg 1200w\" sizes=\"auto, (max-width: 1024px) 100vw, 1024px\" \/><\/a><figcaption id=\"caption-attachment-2090\" class=\"wp-caption-text\">Oscar y Rachida en la cocina de Ochenta Nextdoor<\/figcaption><\/figure>\n<p><span style=\"font-weight: 400\">La gran cocina del Ochenta Nextdoor est\u00e1 a la vista de todos, para que podamos admirar la habilidad con la que preparan unos platos que, s\u00f3lo con verlos, se te hace la boca agua. Los responsables de esta noche fueron Rachida, la chef marroqu\u00ed invitada, y \u00d3scar, el due\u00f1o del restaurante, que cuando los encontr\u00e9 estaban rematando los detalles de la pen\u00faltima cena del festival <\/span><i><span style=\"font-weight: 400\">Madrid\u00b4s Refugees\u00b4Food Festival<\/span><\/i><span style=\"font-weight: 400\">.<\/span><\/p>\n<p><span style=\"font-weight: 400\">\u00c9sta fue otra noche de aforo completo. Entre los asistentes se encontraba Manuela Carmena, alcaldesa de Madrid, para ver c\u00f3mo una vez m\u00e1s la cocina de gran calidad se utiliza para cambiar la perspectiva y conectar a chefs de gran talento con empresarios \u00a0locales.<\/span><\/p>\n<figure id=\"attachment_2092\" aria-describedby=\"caption-attachment-2092\" style=\"width: 1024px\" class=\"wp-caption alignnone\"><a href=\"https:\/\/madridforrefugees.org\/wp-content\/uploads\/2018\/06\/Rachida-5-1.jpg\"><img loading=\"lazy\" decoding=\"async\" class=\"size-large wp-image-2092\" src=\"https:\/\/madridforrefugees.org\/wp-content\/uploads\/2018\/06\/Rachida-5-1-1024x683.jpg\" alt=\"\" width=\"1024\" height=\"683\" srcset=\"https:\/\/madridforrefugees.org\/wp-content\/uploads\/2018\/06\/Rachida-5-1-1024x683.jpg 1024w, https:\/\/madridforrefugees.org\/wp-content\/uploads\/2018\/06\/Rachida-5-1-300x200.jpg 300w, https:\/\/madridforrefugees.org\/wp-content\/uploads\/2018\/06\/Rachida-5-1-768x512.jpg 768w, https:\/\/madridforrefugees.org\/wp-content\/uploads\/2018\/06\/Rachida-5-1-272x182.jpg 272w, https:\/\/madridforrefugees.org\/wp-content\/uploads\/2018\/06\/Rachida-5-1.jpg 1200w\" sizes=\"auto, (max-width: 1024px) 100vw, 1024px\" \/><\/a><figcaption id=\"caption-attachment-2092\" class=\"wp-caption-text\">Rachida y Manuela Carmena<\/figcaption><\/figure>\n<p><span style=\"font-weight: 400\">Rachida, la chef invitada de la noche, originaria de Marruecos, me cont\u00f3 que la cocina es para ella un hobby m\u00e1s que un trabajo. Tras haberse mudado a Siria con su marido se vi\u00f3 en la necesidad de huir del pa\u00eds con su familia. Lleg\u00f3 a Madrid el pasado mes de febrero, tras un tumultuoso viaje, al igual que todos los chefs que han colaborado con nosotros esta semana. A pesar de estar acostumbrada a cocinar para familiares y amigos, ha demostrado ser m\u00e1s que capaz de desenvolverse en una escala mayor y ha impresionado al p\u00fablico en <\/span><i><span style=\"font-weight: 400\">Old World<\/span><\/i><span style=\"font-weight: 400\">, la \u00faltima edici\u00f3n de <\/span><i><span style=\"font-weight: 400\">Chefugee<\/span><\/i><span style=\"font-weight: 400\">.<\/span><\/p>\n<p><span style=\"font-weight: 400\">Rachida defiende la idea de que \u201cla buena cocina crea ocasiones especiales\u201d, y sin duda esta noche lo ha sido gracias a la fusi\u00f3n gastron\u00f3mica sirio-marroqu\u00ed con la que nos deleit\u00f3. El despliegue inicial consisti\u00f3 en una elecci\u00f3n entre <\/span><i><span style=\"font-weight: 400\">baba ganoush<\/span><\/i><span style=\"font-weight: 400\">, sopa de lentejas o una ligera ensalada de pepino. Como primero se pod\u00eda elegir entre berenjenas rellenas de arroz sirio, que es picante y arom\u00e1tico, cubiertas de salsa de tomate tangy o unas deliciosas samosas de queso y espinacas. La elecci\u00f3n de los segundos platos consisti\u00f3 entre merluza ahumada sobre una cama de almendras y un arroz de trigo t\u00edpico de Oriente Medio llamado <\/span><i><span style=\"font-weight: 400\">bulgurn<\/span><\/i><span style=\"font-weight: 400\">, o el tradicional taj\u00edn de cordero acompa\u00f1ado de cus\u00fas ligeramente picante. Y para aquellos a los que a\u00fan les quedaba hueco para el postre, <\/span><i><span style=\"font-weight: 400\">baspousa,<\/span><\/i><span style=\"font-weight: 400\"> una suave tarta de queso siria \u00a0acompa\u00f1ada de helado de canela.<\/span><\/p>\n<figure id=\"attachment_2094\" aria-describedby=\"caption-attachment-2094\" style=\"width: 1024px\" class=\"wp-caption alignnone\"><a href=\"https:\/\/madridforrefugees.org\/wp-content\/uploads\/2018\/06\/Rachida-7-1.jpg\"><img loading=\"lazy\" decoding=\"async\" class=\"size-large wp-image-2094\" src=\"https:\/\/madridforrefugees.org\/wp-content\/uploads\/2018\/06\/Rachida-7-1-1024x683.jpg\" alt=\"\" width=\"1024\" height=\"683\" srcset=\"https:\/\/madridforrefugees.org\/wp-content\/uploads\/2018\/06\/Rachida-7-1-1024x683.jpg 1024w, https:\/\/madridforrefugees.org\/wp-content\/uploads\/2018\/06\/Rachida-7-1-300x200.jpg 300w, https:\/\/madridforrefugees.org\/wp-content\/uploads\/2018\/06\/Rachida-7-1-768x512.jpg 768w, https:\/\/madridforrefugees.org\/wp-content\/uploads\/2018\/06\/Rachida-7-1-272x182.jpg 272w, https:\/\/madridforrefugees.org\/wp-content\/uploads\/2018\/06\/Rachida-7-1.jpg 1200w\" sizes=\"auto, (max-width: 1024px) 100vw, 1024px\" \/><\/a><figcaption id=\"caption-attachment-2094\" class=\"wp-caption-text\">El atesorado Tajin<\/figcaption><\/figure>\n<p><span style=\"font-weight: 400\">El restaurante que ejerci\u00f3 de anfitri\u00f3n, Ochenta Nextdoor, es conocido por su cocina espa\u00f1ola de alta calidad con platos frescos y caseros. Sin embargo esta noche se volcaron en cuerpo y alma con el men\u00fa \u00fanico elaborado por su chef invitada. \u00d3scar, el due\u00f1o del local, me cont\u00f3 la importancia que este evento ten\u00eda para \u00e9l, haciendo referencia al gran valor que tienen chefs como Rachida, que \u201ca pesar de estar viviendo momentos muy dif\u00edciles se esfuerzan por integrarse en la sociedad y cultura de acogida\u201d. Tambi\u00e9n me coment\u00f3 c\u00f3mo el restaurante se beneficia de una experiencia tan enriquecedora como esta, gracias a la cual han podido conocer algunos de los secretos de la cocina sirio-marroqu\u00ed. Tanto es as\u00ed que se plantean incluir el plato de berenjenas rellenas de Rachida en su carta la pr\u00f3xima semana.<\/span><\/p>\n<figure id=\"attachment_2091\" aria-describedby=\"caption-attachment-2091\" style=\"width: 1024px\" class=\"wp-caption alignnone\"><a href=\"https:\/\/madridforrefugees.org\/wp-content\/uploads\/2018\/06\/Rachida-4-1.jpg\"><img loading=\"lazy\" decoding=\"async\" class=\"size-large wp-image-2091\" src=\"https:\/\/madridforrefugees.org\/wp-content\/uploads\/2018\/06\/Rachida-4-1-1024x683.jpg\" alt=\"\" width=\"1024\" height=\"683\" srcset=\"https:\/\/madridforrefugees.org\/wp-content\/uploads\/2018\/06\/Rachida-4-1-1024x683.jpg 1024w, https:\/\/madridforrefugees.org\/wp-content\/uploads\/2018\/06\/Rachida-4-1-300x200.jpg 300w, https:\/\/madridforrefugees.org\/wp-content\/uploads\/2018\/06\/Rachida-4-1-768x512.jpg 768w, https:\/\/madridforrefugees.org\/wp-content\/uploads\/2018\/06\/Rachida-4-1-272x182.jpg 272w, https:\/\/madridforrefugees.org\/wp-content\/uploads\/2018\/06\/Rachida-4-1.jpg 1200w\" sizes=\"auto, (max-width: 1024px) 100vw, 1024px\" \/><\/a><figcaption id=\"caption-attachment-2091\" class=\"wp-caption-text\">Impresionante berenjena rellena de Rachida<\/figcaption><\/figure>\n<p><span style=\"font-weight: 400\">Este aprendizaje bilateral resalta uno de los principales objetivos de este festival, poner en contacto a empresarios locales con el talento para la gastronom\u00eda de personas refugiadas. \u00a0El festival sirve tanto para que los restaurantes conozcan nuevos y ex\u00f3ticos sabores e, incluso, a chefs a los que contratar, a la vez que brinda a los cocineros refugiados la oportunidad de ganar experiencia en la cocina. \u00a0En palabras de Rachida, la noche fue una \u201cexperiencia muy nueva y diferente\u201d, en la que pudo aprender de un equipo ampliamente experimentado. El sue\u00f1o de abrir su propio restaurante ser\u00eda, opina, una forma de ayudar a crear un futuro mejor para ella y su familia.<\/span><\/p>\n<figure id=\"attachment_2093\" aria-describedby=\"caption-attachment-2093\" style=\"width: 1024px\" class=\"wp-caption alignnone\"><a href=\"https:\/\/madridforrefugees.org\/wp-content\/uploads\/2018\/06\/Rachida-6-1.jpg\"><img loading=\"lazy\" decoding=\"async\" class=\"size-large wp-image-2093\" src=\"https:\/\/madridforrefugees.org\/wp-content\/uploads\/2018\/06\/Rachida-6-1-1024x683.jpg\" alt=\"\" width=\"1024\" height=\"683\" srcset=\"https:\/\/madridforrefugees.org\/wp-content\/uploads\/2018\/06\/Rachida-6-1-1024x683.jpg 1024w, https:\/\/madridforrefugees.org\/wp-content\/uploads\/2018\/06\/Rachida-6-1-300x200.jpg 300w, https:\/\/madridforrefugees.org\/wp-content\/uploads\/2018\/06\/Rachida-6-1-768x512.jpg 768w, https:\/\/madridforrefugees.org\/wp-content\/uploads\/2018\/06\/Rachida-6-1-272x182.jpg 272w, https:\/\/madridforrefugees.org\/wp-content\/uploads\/2018\/06\/Rachida-6-1.jpg 1200w\" sizes=\"auto, (max-width: 1024px) 100vw, 1024px\" \/><\/a><figcaption id=\"caption-attachment-2093\" class=\"wp-caption-text\">Rachida y Oscar agregando los toques finales<\/figcaption><\/figure>\n<p><span style=\"font-weight: 400\">A \u00a0medida que sal\u00edan sus platos, Rachida se paseaba entre las mesas, present\u00e1ndolos y compartiendo sus experiencias con los comensales en lo que denomin\u00f3 \u201cun d\u00eda realmente excepcional\u201d.<\/span><\/p>\n<p>Refugee Food Festival &#8211; <a href=\"http:\/\/www.refugeefoodfestival.com\/edition-2018\/?lang=en\">Sitio web<\/a> y <a href=\"https:\/\/www.facebook.com\/events\/1982827148697349\/\">Facebook<\/a><\/p>\n<p>Escrito por Sam Allan<\/p>\n<p>Traducido por Laura Rodriguez del Valle<\/p>\n<p>Fotograf\u00eda por <a href=\"http:\/\/www.janemitchell.es\">Jane Mitchell<\/a><\/p>\n","protected":false},"excerpt":{"rendered":"<p>La gran cocina del Ochenta Nextdoor est\u00e1 a la vista de todos, para que podamos admirar la habilidad con la que preparan unos platos que, s\u00f3lo con verlos, se te hace la boca agua. Los responsables de esta noche fueron Rachida, la chef marroqu\u00ed invitada, y \u00d3scar, el due\u00f1o del &hellip;<\/p>\n","protected":false},"author":27,"featured_media":2088,"comment_status":"closed","ping_status":"open","sticky":false,"template":"","format":"standard","meta":{"_monsterinsights_skip_tracking":false,"_monsterinsights_sitenote_active":false,"_monsterinsights_sitenote_note":"","_monsterinsights_sitenote_category":0,"_jetpack_memberships_contains_paid_content":false,"footnotes":"","jetpack_publicize_message":"","jetpack_publicize_feature_enabled":true,"jetpack_social_post_already_shared":false,"jetpack_social_options":{"image_generator_settings":{"template":"highway","enabled":false},"version":2}},"categories":[129,161,82],"tags":[],"class_list":["post-2087","post","type-post","status-publish","format-standard","has-post-thumbnail","hentry","category-chefugee-es","category-eventos","category-noticias"],"yoast_head":"<!-- This site is optimized with the Yoast SEO plugin v25.2 - https:\/\/yoast.com\/wordpress\/plugins\/seo\/ -->\n<title>Tendiendo puentes con Rachida en el Ochenta Nextdoor, Refugee Food Festival d\u00eda 5, 23.06.2018 - Madrid For Refugees<\/title>\n<meta name=\"robots\" content=\"index, follow, max-snippet:-1, max-image-preview:large, max-video-preview:-1\" \/>\n<link rel=\"canonical\" href=\"https:\/\/madridforrefugees.org\/es\/tendiendo-puentes-con-rachida-en-el-ochenta-nextdoor-refugee-food-festival-dia-5-23-06-2018\/\" \/>\n<meta property=\"og:locale\" content=\"es_ES\" \/>\n<meta property=\"og:type\" content=\"article\" \/>\n<meta property=\"og:title\" content=\"Tendiendo puentes con Rachida en el Ochenta Nextdoor, Refugee Food Festival d\u00eda 5, 23.06.2018 - Madrid For Refugees\" \/>\n<meta property=\"og:description\" content=\"La gran cocina del Ochenta Nextdoor est\u00e1 a la vista de todos, para que podamos admirar la habilidad con la que preparan unos platos que, s\u00f3lo con verlos, se te hace la boca agua. Los responsables de esta noche fueron Rachida, la chef marroqu\u00ed invitada, y \u00d3scar, el due\u00f1o del &hellip;\" \/>\n<meta property=\"og:url\" content=\"https:\/\/madridforrefugees.org\/es\/tendiendo-puentes-con-rachida-en-el-ochenta-nextdoor-refugee-food-festival-dia-5-23-06-2018\/\" \/>\n<meta property=\"og:site_name\" content=\"Madrid For Refugees\" \/>\n<meta property=\"article:publisher\" content=\"https:\/\/www.facebook.com\/Madrid4Refugees\/\" \/>\n<meta property=\"article:published_time\" content=\"2018-06-27T11:36:22+00:00\" \/>\n<meta property=\"og:image\" content=\"https:\/\/madridforrefugees.org\/wp-content\/uploads\/2018\/06\/Rachida-1-1.jpg\" \/>\n\t<meta property=\"og:image:width\" content=\"900\" \/>\n\t<meta property=\"og:image:height\" content=\"1200\" \/>\n\t<meta property=\"og:image:type\" content=\"image\/jpeg\" \/>\n<meta name=\"author\" content=\"madridforrefugees\" \/>\n<meta name=\"twitter:card\" content=\"summary_large_image\" \/>\n<meta name=\"twitter:creator\" content=\"@Madrid4Refugees\" \/>\n<meta name=\"twitter:site\" content=\"@Madrid4Refugees\" \/>\n<meta name=\"twitter:label1\" content=\"Escrito por\" \/>\n\t<meta name=\"twitter:data1\" content=\"madridforrefugees\" \/>\n\t<meta name=\"twitter:label2\" content=\"Tiempo de lectura\" \/>\n\t<meta name=\"twitter:data2\" content=\"4 minutos\" \/>\n<script type=\"application\/ld+json\" class=\"yoast-schema-graph\">{\"@context\":\"https:\/\/schema.org\",\"@graph\":[{\"@type\":\"Article\",\"@id\":\"https:\/\/madridforrefugees.org\/es\/tendiendo-puentes-con-rachida-en-el-ochenta-nextdoor-refugee-food-festival-dia-5-23-06-2018\/#article\",\"isPartOf\":{\"@id\":\"https:\/\/madridforrefugees.org\/es\/tendiendo-puentes-con-rachida-en-el-ochenta-nextdoor-refugee-food-festival-dia-5-23-06-2018\/\"},\"author\":{\"name\":\"madridforrefugees\",\"@id\":\"https:\/\/madridforrefugees.org\/es\/home-2\/#\/schema\/person\/dc54e70a1f4c80ea7e662560032ba577\"},\"headline\":\"Tendiendo puentes con Rachida en el Ochenta Nextdoor, Refugee Food Festival d\u00eda 5, 23.06.2018\",\"datePublished\":\"2018-06-27T11:36:22+00:00\",\"mainEntityOfPage\":{\"@id\":\"https:\/\/madridforrefugees.org\/es\/tendiendo-puentes-con-rachida-en-el-ochenta-nextdoor-refugee-food-festival-dia-5-23-06-2018\/\"},\"wordCount\":772,\"publisher\":{\"@id\":\"https:\/\/madridforrefugees.org\/es\/home-2\/#organization\"},\"image\":{\"@id\":\"https:\/\/madridforrefugees.org\/es\/tendiendo-puentes-con-rachida-en-el-ochenta-nextdoor-refugee-food-festival-dia-5-23-06-2018\/#primaryimage\"},\"thumbnailUrl\":\"https:\/\/madridforrefugees.org\/wp-content\/uploads\/2018\/06\/Rachida-1-1.jpg\",\"articleSection\":[\"Chefugee\",\"Eventos\",\"Noticias\"],\"inLanguage\":\"es\"},{\"@type\":\"WebPage\",\"@id\":\"https:\/\/madridforrefugees.org\/es\/tendiendo-puentes-con-rachida-en-el-ochenta-nextdoor-refugee-food-festival-dia-5-23-06-2018\/\",\"url\":\"https:\/\/madridforrefugees.org\/es\/tendiendo-puentes-con-rachida-en-el-ochenta-nextdoor-refugee-food-festival-dia-5-23-06-2018\/\",\"name\":\"Tendiendo puentes con Rachida en el Ochenta Nextdoor, Refugee Food Festival d\u00eda 5, 23.06.2018 - Madrid For Refugees\",\"isPartOf\":{\"@id\":\"https:\/\/madridforrefugees.org\/es\/home-2\/#website\"},\"primaryImageOfPage\":{\"@id\":\"https:\/\/madridforrefugees.org\/es\/tendiendo-puentes-con-rachida-en-el-ochenta-nextdoor-refugee-food-festival-dia-5-23-06-2018\/#primaryimage\"},\"image\":{\"@id\":\"https:\/\/madridforrefugees.org\/es\/tendiendo-puentes-con-rachida-en-el-ochenta-nextdoor-refugee-food-festival-dia-5-23-06-2018\/#primaryimage\"},\"thumbnailUrl\":\"https:\/\/madridforrefugees.org\/wp-content\/uploads\/2018\/06\/Rachida-1-1.jpg\",\"datePublished\":\"2018-06-27T11:36:22+00:00\",\"breadcrumb\":{\"@id\":\"https:\/\/madridforrefugees.org\/es\/tendiendo-puentes-con-rachida-en-el-ochenta-nextdoor-refugee-food-festival-dia-5-23-06-2018\/#breadcrumb\"},\"inLanguage\":\"es\",\"potentialAction\":[{\"@type\":\"ReadAction\",\"target\":[\"https:\/\/madridforrefugees.org\/es\/tendiendo-puentes-con-rachida-en-el-ochenta-nextdoor-refugee-food-festival-dia-5-23-06-2018\/\"]}]},{\"@type\":\"ImageObject\",\"inLanguage\":\"es\",\"@id\":\"https:\/\/madridforrefugees.org\/es\/tendiendo-puentes-con-rachida-en-el-ochenta-nextdoor-refugee-food-festival-dia-5-23-06-2018\/#primaryimage\",\"url\":\"https:\/\/madridforrefugees.org\/wp-content\/uploads\/2018\/06\/Rachida-1-1.jpg\",\"contentUrl\":\"https:\/\/madridforrefugees.org\/wp-content\/uploads\/2018\/06\/Rachida-1-1.jpg\",\"width\":900,\"height\":1200},{\"@type\":\"BreadcrumbList\",\"@id\":\"https:\/\/madridforrefugees.org\/es\/tendiendo-puentes-con-rachida-en-el-ochenta-nextdoor-refugee-food-festival-dia-5-23-06-2018\/#breadcrumb\",\"itemListElement\":[{\"@type\":\"ListItem\",\"position\":1,\"name\":\"Home\",\"item\":\"https:\/\/madridforrefugees.org\/es\/\"},{\"@type\":\"ListItem\",\"position\":2,\"name\":\"Tendiendo puentes con Rachida en el Ochenta Nextdoor, Refugee Food Festival d\u00eda 5, 23.06.2018\"}]},{\"@type\":\"WebSite\",\"@id\":\"https:\/\/madridforrefugees.org\/es\/home-2\/#website\",\"url\":\"https:\/\/madridforrefugees.org\/es\/home-2\/\",\"name\":\"MadridForRefugees\",\"description\":\"Helping Refugees in Madrid and Abroad\",\"publisher\":{\"@id\":\"https:\/\/madridforrefugees.org\/es\/home-2\/#organization\"},\"potentialAction\":[{\"@type\":\"SearchAction\",\"target\":{\"@type\":\"EntryPoint\",\"urlTemplate\":\"https:\/\/madridforrefugees.org\/es\/home-2\/?s={search_term_string}\"},\"query-input\":{\"@type\":\"PropertyValueSpecification\",\"valueRequired\":true,\"valueName\":\"search_term_string\"}}],\"inLanguage\":\"es\"},{\"@type\":\"Organization\",\"@id\":\"https:\/\/madridforrefugees.org\/es\/home-2\/#organization\",\"name\":\"Madrid for Refugees\",\"url\":\"https:\/\/madridforrefugees.org\/es\/home-2\/\",\"logo\":{\"@type\":\"ImageObject\",\"inLanguage\":\"es\",\"@id\":\"https:\/\/madridforrefugees.org\/es\/home-2\/#\/schema\/logo\/image\/\",\"url\":\"https:\/\/madridforrefugees.org\/wp-content\/uploads\/2021\/11\/MFR-Logo-Initials-Words.png\",\"contentUrl\":\"https:\/\/madridforrefugees.org\/wp-content\/uploads\/2021\/11\/MFR-Logo-Initials-Words.png\",\"width\":233,\"height\":83,\"caption\":\"Madrid for Refugees\"},\"image\":{\"@id\":\"https:\/\/madridforrefugees.org\/es\/home-2\/#\/schema\/logo\/image\/\"},\"sameAs\":[\"https:\/\/www.facebook.com\/Madrid4Refugees\/\",\"https:\/\/x.com\/Madrid4Refugees\",\"https:\/\/www.instagram.com\/weloverefugees\/\",\"https:\/\/www.linkedin.com\/company\/madrid-for-refugees\",\"https:\/\/www.pinterest.com\/weloverefugees\/\"]},{\"@type\":\"Person\",\"@id\":\"https:\/\/madridforrefugees.org\/es\/home-2\/#\/schema\/person\/dc54e70a1f4c80ea7e662560032ba577\",\"name\":\"madridforrefugees\",\"url\":\"https:\/\/madridforrefugees.org\/es\/author\/madridforrefugees\/\"}]}<\/script>\n<!-- \/ Yoast SEO plugin. -->","yoast_head_json":{"title":"Tendiendo puentes con Rachida en el Ochenta Nextdoor, Refugee Food Festival d\u00eda 5, 23.06.2018 - Madrid For Refugees","robots":{"index":"index","follow":"follow","max-snippet":"max-snippet:-1","max-image-preview":"max-image-preview:large","max-video-preview":"max-video-preview:-1"},"canonical":"https:\/\/madridforrefugees.org\/es\/tendiendo-puentes-con-rachida-en-el-ochenta-nextdoor-refugee-food-festival-dia-5-23-06-2018\/","og_locale":"es_ES","og_type":"article","og_title":"Tendiendo puentes con Rachida en el Ochenta Nextdoor, Refugee Food Festival d\u00eda 5, 23.06.2018 - Madrid For Refugees","og_description":"La gran cocina del Ochenta Nextdoor est\u00e1 a la vista de todos, para que podamos admirar la habilidad con la que preparan unos platos que, s\u00f3lo con verlos, se te hace la boca agua. Los responsables de esta noche fueron Rachida, la chef marroqu\u00ed invitada, y \u00d3scar, el due\u00f1o del &hellip;","og_url":"https:\/\/madridforrefugees.org\/es\/tendiendo-puentes-con-rachida-en-el-ochenta-nextdoor-refugee-food-festival-dia-5-23-06-2018\/","og_site_name":"Madrid For Refugees","article_publisher":"https:\/\/www.facebook.com\/Madrid4Refugees\/","article_published_time":"2018-06-27T11:36:22+00:00","og_image":[{"width":900,"height":1200,"url":"https:\/\/madridforrefugees.org\/wp-content\/uploads\/2018\/06\/Rachida-1-1.jpg","type":"image\/jpeg"}],"author":"madridforrefugees","twitter_card":"summary_large_image","twitter_creator":"@Madrid4Refugees","twitter_site":"@Madrid4Refugees","twitter_misc":{"Escrito por":"madridforrefugees","Tiempo de lectura":"4 minutos"},"schema":{"@context":"https:\/\/schema.org","@graph":[{"@type":"Article","@id":"https:\/\/madridforrefugees.org\/es\/tendiendo-puentes-con-rachida-en-el-ochenta-nextdoor-refugee-food-festival-dia-5-23-06-2018\/#article","isPartOf":{"@id":"https:\/\/madridforrefugees.org\/es\/tendiendo-puentes-con-rachida-en-el-ochenta-nextdoor-refugee-food-festival-dia-5-23-06-2018\/"},"author":{"name":"madridforrefugees","@id":"https:\/\/madridforrefugees.org\/es\/home-2\/#\/schema\/person\/dc54e70a1f4c80ea7e662560032ba577"},"headline":"Tendiendo puentes con Rachida en el Ochenta Nextdoor, Refugee Food Festival d\u00eda 5, 23.06.2018","datePublished":"2018-06-27T11:36:22+00:00","mainEntityOfPage":{"@id":"https:\/\/madridforrefugees.org\/es\/tendiendo-puentes-con-rachida-en-el-ochenta-nextdoor-refugee-food-festival-dia-5-23-06-2018\/"},"wordCount":772,"publisher":{"@id":"https:\/\/madridforrefugees.org\/es\/home-2\/#organization"},"image":{"@id":"https:\/\/madridforrefugees.org\/es\/tendiendo-puentes-con-rachida-en-el-ochenta-nextdoor-refugee-food-festival-dia-5-23-06-2018\/#primaryimage"},"thumbnailUrl":"https:\/\/madridforrefugees.org\/wp-content\/uploads\/2018\/06\/Rachida-1-1.jpg","articleSection":["Chefugee","Eventos","Noticias"],"inLanguage":"es"},{"@type":"WebPage","@id":"https:\/\/madridforrefugees.org\/es\/tendiendo-puentes-con-rachida-en-el-ochenta-nextdoor-refugee-food-festival-dia-5-23-06-2018\/","url":"https:\/\/madridforrefugees.org\/es\/tendiendo-puentes-con-rachida-en-el-ochenta-nextdoor-refugee-food-festival-dia-5-23-06-2018\/","name":"Tendiendo puentes con Rachida en el Ochenta Nextdoor, Refugee Food Festival d\u00eda 5, 23.06.2018 - Madrid For Refugees","isPartOf":{"@id":"https:\/\/madridforrefugees.org\/es\/home-2\/#website"},"primaryImageOfPage":{"@id":"https:\/\/madridforrefugees.org\/es\/tendiendo-puentes-con-rachida-en-el-ochenta-nextdoor-refugee-food-festival-dia-5-23-06-2018\/#primaryimage"},"image":{"@id":"https:\/\/madridforrefugees.org\/es\/tendiendo-puentes-con-rachida-en-el-ochenta-nextdoor-refugee-food-festival-dia-5-23-06-2018\/#primaryimage"},"thumbnailUrl":"https:\/\/madridforrefugees.org\/wp-content\/uploads\/2018\/06\/Rachida-1-1.jpg","datePublished":"2018-06-27T11:36:22+00:00","breadcrumb":{"@id":"https:\/\/madridforrefugees.org\/es\/tendiendo-puentes-con-rachida-en-el-ochenta-nextdoor-refugee-food-festival-dia-5-23-06-2018\/#breadcrumb"},"inLanguage":"es","potentialAction":[{"@type":"ReadAction","target":["https:\/\/madridforrefugees.org\/es\/tendiendo-puentes-con-rachida-en-el-ochenta-nextdoor-refugee-food-festival-dia-5-23-06-2018\/"]}]},{"@type":"ImageObject","inLanguage":"es","@id":"https:\/\/madridforrefugees.org\/es\/tendiendo-puentes-con-rachida-en-el-ochenta-nextdoor-refugee-food-festival-dia-5-23-06-2018\/#primaryimage","url":"https:\/\/madridforrefugees.org\/wp-content\/uploads\/2018\/06\/Rachida-1-1.jpg","contentUrl":"https:\/\/madridforrefugees.org\/wp-content\/uploads\/2018\/06\/Rachida-1-1.jpg","width":900,"height":1200},{"@type":"BreadcrumbList","@id":"https:\/\/madridforrefugees.org\/es\/tendiendo-puentes-con-rachida-en-el-ochenta-nextdoor-refugee-food-festival-dia-5-23-06-2018\/#breadcrumb","itemListElement":[{"@type":"ListItem","position":1,"name":"Home","item":"https:\/\/madridforrefugees.org\/es\/"},{"@type":"ListItem","position":2,"name":"Tendiendo puentes con Rachida en el Ochenta Nextdoor, Refugee Food Festival d\u00eda 5, 23.06.2018"}]},{"@type":"WebSite","@id":"https:\/\/madridforrefugees.org\/es\/home-2\/#website","url":"https:\/\/madridforrefugees.org\/es\/home-2\/","name":"MadridForRefugees","description":"Helping Refugees in Madrid and Abroad","publisher":{"@id":"https:\/\/madridforrefugees.org\/es\/home-2\/#organization"},"potentialAction":[{"@type":"SearchAction","target":{"@type":"EntryPoint","urlTemplate":"https:\/\/madridforrefugees.org\/es\/home-2\/?s={search_term_string}"},"query-input":{"@type":"PropertyValueSpecification","valueRequired":true,"valueName":"search_term_string"}}],"inLanguage":"es"},{"@type":"Organization","@id":"https:\/\/madridforrefugees.org\/es\/home-2\/#organization","name":"Madrid for Refugees","url":"https:\/\/madridforrefugees.org\/es\/home-2\/","logo":{"@type":"ImageObject","inLanguage":"es","@id":"https:\/\/madridforrefugees.org\/es\/home-2\/#\/schema\/logo\/image\/","url":"https:\/\/madridforrefugees.org\/wp-content\/uploads\/2021\/11\/MFR-Logo-Initials-Words.png","contentUrl":"https:\/\/madridforrefugees.org\/wp-content\/uploads\/2021\/11\/MFR-Logo-Initials-Words.png","width":233,"height":83,"caption":"Madrid for Refugees"},"image":{"@id":"https:\/\/madridforrefugees.org\/es\/home-2\/#\/schema\/logo\/image\/"},"sameAs":["https:\/\/www.facebook.com\/Madrid4Refugees\/","https:\/\/x.com\/Madrid4Refugees","https:\/\/www.instagram.com\/weloverefugees\/","https:\/\/www.linkedin.com\/company\/madrid-for-refugees","https:\/\/www.pinterest.com\/weloverefugees\/"]},{"@type":"Person","@id":"https:\/\/madridforrefugees.org\/es\/home-2\/#\/schema\/person\/dc54e70a1f4c80ea7e662560032ba577","name":"madridforrefugees","url":"https:\/\/madridforrefugees.org\/es\/author\/madridforrefugees\/"}]}},"jetpack_publicize_connections":[],"jetpack_featured_media_url":"https:\/\/madridforrefugees.org\/wp-content\/uploads\/2018\/06\/Rachida-1-1.jpg","jetpack_likes_enabled":true,"jetpack_sharing_enabled":true,"amp_enabled":true,"_links":{"self":[{"href":"https:\/\/madridforrefugees.org\/es\/wp-json\/wp\/v2\/posts\/2087","targetHints":{"allow":["GET"]}}],"collection":[{"href":"https:\/\/madridforrefugees.org\/es\/wp-json\/wp\/v2\/posts"}],"about":[{"href":"https:\/\/madridforrefugees.org\/es\/wp-json\/wp\/v2\/types\/post"}],"author":[{"embeddable":true,"href":"https:\/\/madridforrefugees.org\/es\/wp-json\/wp\/v2\/users\/27"}],"replies":[{"embeddable":true,"href":"https:\/\/madridforrefugees.org\/es\/wp-json\/wp\/v2\/comments?post=2087"}],"version-history":[{"count":0,"href":"https:\/\/madridforrefugees.org\/es\/wp-json\/wp\/v2\/posts\/2087\/revisions"}],"wp:featuredmedia":[{"embeddable":true,"href":"https:\/\/madridforrefugees.org\/es\/wp-json\/wp\/v2\/media\/2088"}],"wp:attachment":[{"href":"https:\/\/madridforrefugees.org\/es\/wp-json\/wp\/v2\/media?parent=2087"}],"wp:term":[{"taxonomy":"category","embeddable":true,"href":"https:\/\/madridforrefugees.org\/es\/wp-json\/wp\/v2\/categories?post=2087"},{"taxonomy":"post_tag","embeddable":true,"href":"https:\/\/madridforrefugees.org\/es\/wp-json\/wp\/v2\/tags?post=2087"}],"curies":[{"name":"wp","href":"https:\/\/api.w.org\/{rel}","templated":true}]}}