{"id":5093,"date":"2025-10-01T18:03:29","date_gmt":"2025-10-01T16:03:29","guid":{"rendered":"https:\/\/madridforrefugees.org\/mfr-movie-night-hna-barra\/"},"modified":"2025-10-01T18:04:40","modified_gmt":"2025-10-01T16:04:40","slug":"mfr-movie-night-hna-barra","status":"publish","type":"post","link":"https:\/\/madridforrefugees.org\/es\/mfr-movie-night-hna-barra\/","title":{"rendered":"Noche de cine MFR con H&#8217;na Barra"},"content":{"rendered":"<p><span style=\"font-weight: 400;\"><a href=\"https:\/\/airtable.com\/appfKipOd3eUEjIUS\/shrGiYLbx64E0Cixa\"><img loading=\"lazy\" decoding=\"async\" class=\"alignleft size-medium wp-image-5070\" src=\"https:\/\/madridforrefugees.org\/wp-content\/uploads\/2025\/10\/oneshortclass-212x300.png\" alt=\"\" width=\"212\" height=\"300\" srcset=\"https:\/\/madridforrefugees.org\/wp-content\/uploads\/2025\/10\/oneshortclass-212x300.png 212w, https:\/\/madridforrefugees.org\/wp-content\/uploads\/2025\/10\/oneshortclass-724x1024.png 724w, https:\/\/madridforrefugees.org\/wp-content\/uploads\/2025\/10\/oneshortclass-768x1086.png 768w, https:\/\/madridforrefugees.org\/wp-content\/uploads\/2025\/10\/oneshortclass-1086x1536.png 1086w, https:\/\/madridforrefugees.org\/wp-content\/uploads\/2025\/10\/oneshortclass-1448x2048.png 1448w, https:\/\/madridforrefugees.org\/wp-content\/uploads\/2025\/10\/oneshortclass-141x200.png 141w, https:\/\/madridforrefugees.org\/wp-content\/uploads\/2025\/10\/oneshortclass.png 1587w\" sizes=\"auto, (max-width: 212px) 100vw, 212px\" \/><\/a>El martes 23 de septiembre, 2025 Madrid por los Refugiados organiz\u00f3 una Noche de Cine en la que se proyect\u00f3 H&#8217;na Barra (Nosotros, fuera) y se puso en marcha el curso Un Corto. La pel\u00edcula fue dirigida por <\/span><span style=\"font-weight: 400;\">Bahia Bencheikh El Fegoun, argelina, que utiliza el formato del documental, que le permite abordar cuestiones sociales y pol\u00edticas.<\/span><\/p>\n<p><span style=\"font-weight: 400;\">La pel\u00edcula sigue a una protagonista femenina, Manel, mientras reflexiona sobre su viaje personal con el uso del velo, su cuerpo y la forma en que se percibe a las mujeres en los espacios p\u00fablicos. Se re\u00fane con varias mujeres que comparten sus experiencias y le ofrecen un espacio para contemplar la feminidad en Argelia.<\/span><\/p>\n<p><span style=\"font-weight: 400;\">Tras la proyecci\u00f3n, muchos espectadores se sintieron conmovidos por la pel\u00edcula y por el enfoque matizado al hablar de las experiencias de las mujeres. Para algunos espectadores, sent\u00edan una conexi\u00f3n con las mujeres y un sentimiento de hermandad con ellas debido a que se identificaban con sus experiencias sobre c\u00f3mo se sienten las mujeres en los espacios p\u00fablicos, as\u00ed como en relaci\u00f3n con sus cuerpos. Otros sent\u00edan curiosidad por saber c\u00f3mo podr\u00edan cambiar en el futuro estas relaciones entre individuos. <\/span><\/p>\n<p><span style=\"font-weight: 400;\">One Short es un curso gratuito de realizaci\u00f3n de documentales que se impartir\u00e1 durante seis semanas a partir de octubre en la oficina de MFR y ser\u00e1 impartido por Bahia Bencheikh El Fegoun. El curso se impartir\u00e1 dos veces por semana, y las fechas y horas de las clases se determinar\u00e1n en funci\u00f3n de la disponibilidad de los beneficiarios. Las clases se impartir\u00e1n en ingl\u00e9s. Se dar\u00e1 prioridad a toda persona refugiada, solicitante de asilo, ap\u00e1trida y migrante necesitada de protecci\u00f3n internacional y a toda persona en riesgo de exclusi\u00f3n social.<\/span><\/p>\n<p><span style=\"font-weight: 400;\">Si conoces a alguien que pueda estar interesado en unirse a nuestro curso One Short, puede inscribirse <\/span><a href=\"https:\/\/airtable.com\/appfKipOd3eUEjIUS\/shrGiYLbx64E0Cixa\"><br \/>\n<span style=\"font-weight: 400;\">aqu\u00ed<\/span><br \/>\n<\/a><span style=\"font-weight: 400;\">.<\/span><\/p>\n<p><span style=\"font-weight: 400;\">Si tienes preguntas sobre el curso, ponte en contacto con Zahra: zahra@madridforrefugees.org.<\/span><\/p>\n<p><img loading=\"lazy\" decoding=\"async\" class=\"size-large wp-image-5087 alignnone\" src=\"https:\/\/madridforrefugees.org\/wp-content\/uploads\/2025\/10\/IMG_3704-1024x768.jpg\" alt=\"\" width=\"1024\" height=\"768\" srcset=\"https:\/\/madridforrefugees.org\/wp-content\/uploads\/2025\/10\/IMG_3704-1024x768.jpg 1024w, https:\/\/madridforrefugees.org\/wp-content\/uploads\/2025\/10\/IMG_3704-300x225.jpg 300w, https:\/\/madridforrefugees.org\/wp-content\/uploads\/2025\/10\/IMG_3704-768x576.jpg 768w, https:\/\/madridforrefugees.org\/wp-content\/uploads\/2025\/10\/IMG_3704-1536x1152.jpg 1536w, https:\/\/madridforrefugees.org\/wp-content\/uploads\/2025\/10\/IMG_3704-2048x1536.jpg 2048w, https:\/\/madridforrefugees.org\/wp-content\/uploads\/2025\/10\/IMG_3704-267x200.jpg 267w\" sizes=\"auto, (max-width: 1024px) 100vw, 1024px\" \/><\/p>\n<p><img loading=\"lazy\" decoding=\"async\" class=\"size-large wp-image-5090 alignnone\" src=\"https:\/\/madridforrefugees.org\/wp-content\/uploads\/2025\/10\/IMG_3678-768x1024.jpg\" alt=\"\" width=\"768\" height=\"1024\" srcset=\"https:\/\/madridforrefugees.org\/wp-content\/uploads\/2025\/10\/IMG_3678-768x1024.jpg 768w, https:\/\/madridforrefugees.org\/wp-content\/uploads\/2025\/10\/IMG_3678-225x300.jpg 225w, https:\/\/madridforrefugees.org\/wp-content\/uploads\/2025\/10\/IMG_3678-1152x1536.jpg 1152w, https:\/\/madridforrefugees.org\/wp-content\/uploads\/2025\/10\/IMG_3678-1536x2048.jpg 1536w, https:\/\/madridforrefugees.org\/wp-content\/uploads\/2025\/10\/IMG_3678-150x200.jpg 150w, https:\/\/madridforrefugees.org\/wp-content\/uploads\/2025\/10\/IMG_3678-scaled.jpg 1920w\" sizes=\"auto, (max-width: 768px) 100vw, 768px\" \/><\/p>\n<p><img loading=\"lazy\" decoding=\"async\" class=\"alignleft size-large wp-image-5074\" src=\"https:\/\/madridforrefugees.org\/wp-content\/uploads\/2025\/10\/IMG_3697-1024x768.jpg\" alt=\"\" width=\"1024\" height=\"768\" srcset=\"https:\/\/madridforrefugees.org\/wp-content\/uploads\/2025\/10\/IMG_3697-1024x768.jpg 1024w, https:\/\/madridforrefugees.org\/wp-content\/uploads\/2025\/10\/IMG_3697-300x225.jpg 300w, https:\/\/madridforrefugees.org\/wp-content\/uploads\/2025\/10\/IMG_3697-768x576.jpg 768w, https:\/\/madridforrefugees.org\/wp-content\/uploads\/2025\/10\/IMG_3697-1536x1152.jpg 1536w, https:\/\/madridforrefugees.org\/wp-content\/uploads\/2025\/10\/IMG_3697-2048x1536.jpg 2048w, https:\/\/madridforrefugees.org\/wp-content\/uploads\/2025\/10\/IMG_3697-267x200.jpg 267w\" sizes=\"auto, (max-width: 1024px) 100vw, 1024px\" \/><\/p>\n","protected":false},"excerpt":{"rendered":"<p>El martes 23 de septiembre, 2025 Madrid por los Refugiados organiz\u00f3 una Noche de Cine en la que se proyect\u00f3 H&#8217;na Barra (Nosotros, fuera) y se puso en marcha el curso Un Corto. La pel\u00edcula fue dirigida por Bahia Bencheikh El Fegoun, argelina, que utiliza el formato del documental, que &hellip;<\/p>\n","protected":false},"author":5,"featured_media":5088,"comment_status":"closed","ping_status":"closed","sticky":false,"template":"","format":"standard","meta":{"_monsterinsights_skip_tracking":false,"_monsterinsights_sitenote_active":false,"_monsterinsights_sitenote_note":"","_monsterinsights_sitenote_category":0,"_jetpack_memberships_contains_paid_content":false,"footnotes":"","jetpack_publicize_message":"","jetpack_publicize_feature_enabled":true,"jetpack_social_post_already_shared":true,"jetpack_social_options":{"image_generator_settings":{"template":"highway","enabled":false},"version":2}},"categories":[357,351,79],"tags":[],"class_list":["post-5093","post","type-post","status-publish","format-standard","has-post-thumbnail","hentry","category-event-recap-es","category-noticias-es","category-spanish"],"yoast_head":"<!-- This site is optimized with the Yoast SEO plugin v25.2 - https:\/\/yoast.com\/wordpress\/plugins\/seo\/ -->\n<title>Noche de cine MFR con H&#039;na Barra - Madrid For Refugees<\/title>\n<meta name=\"robots\" content=\"index, follow, max-snippet:-1, max-image-preview:large, max-video-preview:-1\" \/>\n<link rel=\"canonical\" href=\"https:\/\/madridforrefugees.org\/es\/mfr-movie-night-hna-barra\/\" \/>\n<meta property=\"og:locale\" content=\"es_ES\" \/>\n<meta property=\"og:type\" content=\"article\" \/>\n<meta property=\"og:title\" content=\"Noche de cine MFR con H&#039;na Barra - Madrid For Refugees\" \/>\n<meta property=\"og:description\" content=\"El martes 23 de septiembre, 2025 Madrid por los Refugiados organiz\u00f3 una Noche de Cine en la que se proyect\u00f3 H&#8217;na Barra (Nosotros, fuera) y se puso en marcha el curso Un Corto. La pel\u00edcula fue dirigida por Bahia Bencheikh El Fegoun, argelina, que utiliza el formato del documental, que &hellip;\" \/>\n<meta property=\"og:url\" content=\"https:\/\/madridforrefugees.org\/es\/mfr-movie-night-hna-barra\/\" \/>\n<meta property=\"og:site_name\" content=\"Madrid For Refugees\" \/>\n<meta property=\"article:publisher\" content=\"https:\/\/www.facebook.com\/Madrid4Refugees\/\" \/>\n<meta property=\"article:published_time\" content=\"2025-10-01T16:03:29+00:00\" \/>\n<meta property=\"article:modified_time\" content=\"2025-10-01T16:04:40+00:00\" \/>\n<meta property=\"og:image\" content=\"https:\/\/madridforrefugees.org\/wp-content\/uploads\/2025\/10\/IMG_3704-scaled.jpg\" \/>\n\t<meta property=\"og:image:width\" content=\"2560\" \/>\n\t<meta property=\"og:image:height\" content=\"1920\" \/>\n\t<meta property=\"og:image:type\" content=\"image\/jpeg\" \/>\n<meta name=\"author\" content=\"Christina Samson\" \/>\n<meta name=\"twitter:card\" content=\"summary_large_image\" \/>\n<meta name=\"twitter:creator\" content=\"@Madrid4Refugees\" \/>\n<meta name=\"twitter:site\" content=\"@Madrid4Refugees\" \/>\n<meta name=\"twitter:label1\" content=\"Escrito por\" \/>\n\t<meta name=\"twitter:data1\" content=\"Christina Samson\" \/>\n\t<meta name=\"twitter:label2\" content=\"Tiempo de lectura\" \/>\n\t<meta name=\"twitter:data2\" content=\"3 minutos\" \/>\n<script type=\"application\/ld+json\" class=\"yoast-schema-graph\">{\"@context\":\"https:\/\/schema.org\",\"@graph\":[{\"@type\":\"Article\",\"@id\":\"https:\/\/madridforrefugees.org\/es\/mfr-movie-night-hna-barra\/#article\",\"isPartOf\":{\"@id\":\"https:\/\/madridforrefugees.org\/es\/mfr-movie-night-hna-barra\/\"},\"author\":{\"name\":\"Christina Samson\",\"@id\":\"https:\/\/madridforrefugees.org\/es\/home-2\/#\/schema\/person\/8a5f0b15477a62c2c6de508022962708\"},\"headline\":\"Noche de cine MFR con H&#8217;na Barra\",\"datePublished\":\"2025-10-01T16:03:29+00:00\",\"dateModified\":\"2025-10-01T16:04:40+00:00\",\"mainEntityOfPage\":{\"@id\":\"https:\/\/madridforrefugees.org\/es\/mfr-movie-night-hna-barra\/\"},\"wordCount\":345,\"publisher\":{\"@id\":\"https:\/\/madridforrefugees.org\/es\/home-2\/#organization\"},\"image\":{\"@id\":\"https:\/\/madridforrefugees.org\/es\/mfr-movie-night-hna-barra\/#primaryimage\"},\"thumbnailUrl\":\"https:\/\/madridforrefugees.org\/wp-content\/uploads\/2025\/10\/IMG_3704-scaled.jpg\",\"articleSection\":[\"Event Recap\",\"Noticias\",\"Spanish\"],\"inLanguage\":\"es\"},{\"@type\":\"WebPage\",\"@id\":\"https:\/\/madridforrefugees.org\/es\/mfr-movie-night-hna-barra\/\",\"url\":\"https:\/\/madridforrefugees.org\/es\/mfr-movie-night-hna-barra\/\",\"name\":\"Noche de cine MFR con H'na Barra - Madrid For Refugees\",\"isPartOf\":{\"@id\":\"https:\/\/madridforrefugees.org\/es\/home-2\/#website\"},\"primaryImageOfPage\":{\"@id\":\"https:\/\/madridforrefugees.org\/es\/mfr-movie-night-hna-barra\/#primaryimage\"},\"image\":{\"@id\":\"https:\/\/madridforrefugees.org\/es\/mfr-movie-night-hna-barra\/#primaryimage\"},\"thumbnailUrl\":\"https:\/\/madridforrefugees.org\/wp-content\/uploads\/2025\/10\/IMG_3704-scaled.jpg\",\"datePublished\":\"2025-10-01T16:03:29+00:00\",\"dateModified\":\"2025-10-01T16:04:40+00:00\",\"breadcrumb\":{\"@id\":\"https:\/\/madridforrefugees.org\/es\/mfr-movie-night-hna-barra\/#breadcrumb\"},\"inLanguage\":\"es\",\"potentialAction\":[{\"@type\":\"ReadAction\",\"target\":[\"https:\/\/madridforrefugees.org\/es\/mfr-movie-night-hna-barra\/\"]}]},{\"@type\":\"ImageObject\",\"inLanguage\":\"es\",\"@id\":\"https:\/\/madridforrefugees.org\/es\/mfr-movie-night-hna-barra\/#primaryimage\",\"url\":\"https:\/\/madridforrefugees.org\/wp-content\/uploads\/2025\/10\/IMG_3704-scaled.jpg\",\"contentUrl\":\"https:\/\/madridforrefugees.org\/wp-content\/uploads\/2025\/10\/IMG_3704-scaled.jpg\",\"width\":2560,\"height\":1920},{\"@type\":\"BreadcrumbList\",\"@id\":\"https:\/\/madridforrefugees.org\/es\/mfr-movie-night-hna-barra\/#breadcrumb\",\"itemListElement\":[{\"@type\":\"ListItem\",\"position\":1,\"name\":\"Home\",\"item\":\"https:\/\/madridforrefugees.org\/es\/\"},{\"@type\":\"ListItem\",\"position\":2,\"name\":\"Noche de cine MFR con H&#8217;na Barra\"}]},{\"@type\":\"WebSite\",\"@id\":\"https:\/\/madridforrefugees.org\/es\/home-2\/#website\",\"url\":\"https:\/\/madridforrefugees.org\/es\/home-2\/\",\"name\":\"MadridForRefugees\",\"description\":\"Helping Refugees in Madrid and Abroad\",\"publisher\":{\"@id\":\"https:\/\/madridforrefugees.org\/es\/home-2\/#organization\"},\"potentialAction\":[{\"@type\":\"SearchAction\",\"target\":{\"@type\":\"EntryPoint\",\"urlTemplate\":\"https:\/\/madridforrefugees.org\/es\/home-2\/?s={search_term_string}\"},\"query-input\":{\"@type\":\"PropertyValueSpecification\",\"valueRequired\":true,\"valueName\":\"search_term_string\"}}],\"inLanguage\":\"es\"},{\"@type\":\"Organization\",\"@id\":\"https:\/\/madridforrefugees.org\/es\/home-2\/#organization\",\"name\":\"Madrid for Refugees\",\"url\":\"https:\/\/madridforrefugees.org\/es\/home-2\/\",\"logo\":{\"@type\":\"ImageObject\",\"inLanguage\":\"es\",\"@id\":\"https:\/\/madridforrefugees.org\/es\/home-2\/#\/schema\/logo\/image\/\",\"url\":\"https:\/\/madridforrefugees.org\/wp-content\/uploads\/2021\/11\/MFR-Logo-Initials-Words.png\",\"contentUrl\":\"https:\/\/madridforrefugees.org\/wp-content\/uploads\/2021\/11\/MFR-Logo-Initials-Words.png\",\"width\":233,\"height\":83,\"caption\":\"Madrid for Refugees\"},\"image\":{\"@id\":\"https:\/\/madridforrefugees.org\/es\/home-2\/#\/schema\/logo\/image\/\"},\"sameAs\":[\"https:\/\/www.facebook.com\/Madrid4Refugees\/\",\"https:\/\/x.com\/Madrid4Refugees\",\"https:\/\/www.instagram.com\/weloverefugees\/\",\"https:\/\/www.linkedin.com\/company\/madrid-for-refugees\",\"https:\/\/www.pinterest.com\/weloverefugees\/\"]},{\"@type\":\"Person\",\"@id\":\"https:\/\/madridforrefugees.org\/es\/home-2\/#\/schema\/person\/8a5f0b15477a62c2c6de508022962708\",\"name\":\"Christina Samson\",\"url\":\"https:\/\/madridforrefugees.org\/es\/author\/tinasamson\/\"}]}<\/script>\n<!-- \/ Yoast SEO plugin. -->","yoast_head_json":{"title":"Noche de cine MFR con H'na Barra - Madrid For Refugees","robots":{"index":"index","follow":"follow","max-snippet":"max-snippet:-1","max-image-preview":"max-image-preview:large","max-video-preview":"max-video-preview:-1"},"canonical":"https:\/\/madridforrefugees.org\/es\/mfr-movie-night-hna-barra\/","og_locale":"es_ES","og_type":"article","og_title":"Noche de cine MFR con H'na Barra - Madrid For Refugees","og_description":"El martes 23 de septiembre, 2025 Madrid por los Refugiados organiz\u00f3 una Noche de Cine en la que se proyect\u00f3 H&#8217;na Barra (Nosotros, fuera) y se puso en marcha el curso Un Corto. La pel\u00edcula fue dirigida por Bahia Bencheikh El Fegoun, argelina, que utiliza el formato del documental, que &hellip;","og_url":"https:\/\/madridforrefugees.org\/es\/mfr-movie-night-hna-barra\/","og_site_name":"Madrid For Refugees","article_publisher":"https:\/\/www.facebook.com\/Madrid4Refugees\/","article_published_time":"2025-10-01T16:03:29+00:00","article_modified_time":"2025-10-01T16:04:40+00:00","og_image":[{"width":2560,"height":1920,"url":"https:\/\/madridforrefugees.org\/wp-content\/uploads\/2025\/10\/IMG_3704-scaled.jpg","type":"image\/jpeg"}],"author":"Christina Samson","twitter_card":"summary_large_image","twitter_creator":"@Madrid4Refugees","twitter_site":"@Madrid4Refugees","twitter_misc":{"Escrito por":"Christina Samson","Tiempo de lectura":"3 minutos"},"schema":{"@context":"https:\/\/schema.org","@graph":[{"@type":"Article","@id":"https:\/\/madridforrefugees.org\/es\/mfr-movie-night-hna-barra\/#article","isPartOf":{"@id":"https:\/\/madridforrefugees.org\/es\/mfr-movie-night-hna-barra\/"},"author":{"name":"Christina Samson","@id":"https:\/\/madridforrefugees.org\/es\/home-2\/#\/schema\/person\/8a5f0b15477a62c2c6de508022962708"},"headline":"Noche de cine MFR con H&#8217;na Barra","datePublished":"2025-10-01T16:03:29+00:00","dateModified":"2025-10-01T16:04:40+00:00","mainEntityOfPage":{"@id":"https:\/\/madridforrefugees.org\/es\/mfr-movie-night-hna-barra\/"},"wordCount":345,"publisher":{"@id":"https:\/\/madridforrefugees.org\/es\/home-2\/#organization"},"image":{"@id":"https:\/\/madridforrefugees.org\/es\/mfr-movie-night-hna-barra\/#primaryimage"},"thumbnailUrl":"https:\/\/madridforrefugees.org\/wp-content\/uploads\/2025\/10\/IMG_3704-scaled.jpg","articleSection":["Event Recap","Noticias","Spanish"],"inLanguage":"es"},{"@type":"WebPage","@id":"https:\/\/madridforrefugees.org\/es\/mfr-movie-night-hna-barra\/","url":"https:\/\/madridforrefugees.org\/es\/mfr-movie-night-hna-barra\/","name":"Noche de cine MFR con H'na Barra - Madrid For Refugees","isPartOf":{"@id":"https:\/\/madridforrefugees.org\/es\/home-2\/#website"},"primaryImageOfPage":{"@id":"https:\/\/madridforrefugees.org\/es\/mfr-movie-night-hna-barra\/#primaryimage"},"image":{"@id":"https:\/\/madridforrefugees.org\/es\/mfr-movie-night-hna-barra\/#primaryimage"},"thumbnailUrl":"https:\/\/madridforrefugees.org\/wp-content\/uploads\/2025\/10\/IMG_3704-scaled.jpg","datePublished":"2025-10-01T16:03:29+00:00","dateModified":"2025-10-01T16:04:40+00:00","breadcrumb":{"@id":"https:\/\/madridforrefugees.org\/es\/mfr-movie-night-hna-barra\/#breadcrumb"},"inLanguage":"es","potentialAction":[{"@type":"ReadAction","target":["https:\/\/madridforrefugees.org\/es\/mfr-movie-night-hna-barra\/"]}]},{"@type":"ImageObject","inLanguage":"es","@id":"https:\/\/madridforrefugees.org\/es\/mfr-movie-night-hna-barra\/#primaryimage","url":"https:\/\/madridforrefugees.org\/wp-content\/uploads\/2025\/10\/IMG_3704-scaled.jpg","contentUrl":"https:\/\/madridforrefugees.org\/wp-content\/uploads\/2025\/10\/IMG_3704-scaled.jpg","width":2560,"height":1920},{"@type":"BreadcrumbList","@id":"https:\/\/madridforrefugees.org\/es\/mfr-movie-night-hna-barra\/#breadcrumb","itemListElement":[{"@type":"ListItem","position":1,"name":"Home","item":"https:\/\/madridforrefugees.org\/es\/"},{"@type":"ListItem","position":2,"name":"Noche de cine MFR con H&#8217;na Barra"}]},{"@type":"WebSite","@id":"https:\/\/madridforrefugees.org\/es\/home-2\/#website","url":"https:\/\/madridforrefugees.org\/es\/home-2\/","name":"MadridForRefugees","description":"Helping Refugees in Madrid and Abroad","publisher":{"@id":"https:\/\/madridforrefugees.org\/es\/home-2\/#organization"},"potentialAction":[{"@type":"SearchAction","target":{"@type":"EntryPoint","urlTemplate":"https:\/\/madridforrefugees.org\/es\/home-2\/?s={search_term_string}"},"query-input":{"@type":"PropertyValueSpecification","valueRequired":true,"valueName":"search_term_string"}}],"inLanguage":"es"},{"@type":"Organization","@id":"https:\/\/madridforrefugees.org\/es\/home-2\/#organization","name":"Madrid for Refugees","url":"https:\/\/madridforrefugees.org\/es\/home-2\/","logo":{"@type":"ImageObject","inLanguage":"es","@id":"https:\/\/madridforrefugees.org\/es\/home-2\/#\/schema\/logo\/image\/","url":"https:\/\/madridforrefugees.org\/wp-content\/uploads\/2021\/11\/MFR-Logo-Initials-Words.png","contentUrl":"https:\/\/madridforrefugees.org\/wp-content\/uploads\/2021\/11\/MFR-Logo-Initials-Words.png","width":233,"height":83,"caption":"Madrid for Refugees"},"image":{"@id":"https:\/\/madridforrefugees.org\/es\/home-2\/#\/schema\/logo\/image\/"},"sameAs":["https:\/\/www.facebook.com\/Madrid4Refugees\/","https:\/\/x.com\/Madrid4Refugees","https:\/\/www.instagram.com\/weloverefugees\/","https:\/\/www.linkedin.com\/company\/madrid-for-refugees","https:\/\/www.pinterest.com\/weloverefugees\/"]},{"@type":"Person","@id":"https:\/\/madridforrefugees.org\/es\/home-2\/#\/schema\/person\/8a5f0b15477a62c2c6de508022962708","name":"Christina Samson","url":"https:\/\/madridforrefugees.org\/es\/author\/tinasamson\/"}]}},"jetpack_publicize_connections":[],"jetpack_featured_media_url":"https:\/\/madridforrefugees.org\/wp-content\/uploads\/2025\/10\/IMG_3704-scaled.jpg","jetpack_likes_enabled":true,"jetpack_sharing_enabled":true,"amp_enabled":true,"_links":{"self":[{"href":"https:\/\/madridforrefugees.org\/es\/wp-json\/wp\/v2\/posts\/5093","targetHints":{"allow":["GET"]}}],"collection":[{"href":"https:\/\/madridforrefugees.org\/es\/wp-json\/wp\/v2\/posts"}],"about":[{"href":"https:\/\/madridforrefugees.org\/es\/wp-json\/wp\/v2\/types\/post"}],"author":[{"embeddable":true,"href":"https:\/\/madridforrefugees.org\/es\/wp-json\/wp\/v2\/users\/5"}],"replies":[{"embeddable":true,"href":"https:\/\/madridforrefugees.org\/es\/wp-json\/wp\/v2\/comments?post=5093"}],"version-history":[{"count":2,"href":"https:\/\/madridforrefugees.org\/es\/wp-json\/wp\/v2\/posts\/5093\/revisions"}],"predecessor-version":[{"id":5095,"href":"https:\/\/madridforrefugees.org\/es\/wp-json\/wp\/v2\/posts\/5093\/revisions\/5095"}],"wp:featuredmedia":[{"embeddable":true,"href":"https:\/\/madridforrefugees.org\/es\/wp-json\/wp\/v2\/media\/5088"}],"wp:attachment":[{"href":"https:\/\/madridforrefugees.org\/es\/wp-json\/wp\/v2\/media?parent=5093"}],"wp:term":[{"taxonomy":"category","embeddable":true,"href":"https:\/\/madridforrefugees.org\/es\/wp-json\/wp\/v2\/categories?post=5093"},{"taxonomy":"post_tag","embeddable":true,"href":"https:\/\/madridforrefugees.org\/es\/wp-json\/wp\/v2\/tags?post=5093"}],"curies":[{"name":"wp","href":"https:\/\/api.w.org\/{rel}","templated":true}]}}