{"id":650,"date":"2016-12-08T12:28:15","date_gmt":"2016-12-08T12:28:15","guid":{"rendered":"https:\/\/madridforrefugees.org\/?p=650"},"modified":"2017-02-09T20:43:57","modified_gmt":"2017-02-09T20:43:57","slug":"la-fiesta-solidaria-de-mfr","status":"publish","type":"post","link":"https:\/\/madridforrefugees.org\/es\/la-fiesta-solidaria-de-mfr\/","title":{"rendered":"La Fiesta Solidaria de MFR"},"content":{"rendered":"<p>Mi experiencia como voluntaria en <strong>Madrid For Refugees<\/strong> empez\u00f3 hace poco, hace dos o tres semanas. Pero desde que me involucr\u00e9 en este proyecto, me gust\u00f3 el esp\u00edritu y la dedicaci\u00f3n de mis compa\u00f1eros. No me acuerdo exactamente de como conoc\u00ed la organizaci\u00f3n, creo recordar que fue navegando por Internet, buscando una ONG en Madrid, donde no me pidieran saber espa\u00f1ol (despu\u00e9s de tres meses viviendo aqu\u00ed tengo un nivel p\u00e9simo) y donde fuese de ayuda. Tras ponerme en contacto con ellos, la primera a la que conoc\u00ed fue a Talia, la coordinadora de MFR, que me propuso participar en el Equipo de Donaciones de Jerome.<\/p>\n<p>En un primer momento no me pareci\u00f3 lo m\u00e1s interesante que pod\u00eda hacer, pero con el tiempo me convenci\u00f3 cada vez m\u00e1s. El motivo fue que me apasionaba la idea de conocer a gente que se recorr\u00eda parte de Madrid, trayendo maletas llenas de ropa y productos necesarios a uno de los voluntarios de los que est\u00e1bamos. Me result\u00f3 gratificante la idea de explicar a aquellas personas de c\u00f3mo funcionaba la asociaci\u00f3n de Madrid for Refugees y ver su reacci\u00f3n con una sonrisa. Tambi\u00e9n me gustaba el hecho de llevar toda esa ropa a un Centro de Acogida, donde los Refugiados se hab\u00edan instalado, hablando con ellos y con la gente que trabajaba ah\u00ed. Y reflexionando sobre mi gesto solidario &#8211; me daba cuenta de que estaba ayudando a personas que carec\u00edan de necesidades b\u00e1sicas, que hab\u00edan abandonado su pa\u00eds de origen por varias razones y hab\u00eda acabado tras un largo viaje lleno de penurias en Madrid, un lugar casi desconocido para ellos y en el que sin apenas recursos, no hab\u00eda ning\u00fan indicio de cu\u00e1l ser\u00eda su siguiente paso.<\/p>\n<p><img loading=\"lazy\" decoding=\"async\" class=\"alignnone\" src=\"https:\/\/lh4.googleusercontent.com\/bIk1fNVsZtTJmY-AIA5SlARaJRgXNRkCe7kDRLCiEKv2IPKuMZXWXGlctATxM7D5HJZzSUWi0mNKwtVrLqV23EnMVqVvSA6X49bh_lTwLieFEDxQAzhpAQZ34P13X8cnAH3SIVYk8LE7_i1M\" width=\"1600\" height=\"1066\" \/><!--more--><\/p>\n<p>Mi segunda \u201ctarea\u201d para MFR fue poner carteles en algunas calles con otro voluntario anunciando la <strong>Fiesta Solidaria<\/strong> &#8211; una fiesta que organizaron para recaudar dinero para un proyecto en Grecia. Mientras pegamos los carteles, hubo una interrupci\u00f3n de un polic\u00eda que nos avis\u00f3 de que no pod\u00edamos pegar carteles en propiedad p\u00fablica, lo que me hizo tener la sensaci\u00f3n de estar cometiendo alg\u00fan tipo de crimen y no por el contrario, hacer un gesto solidario.<\/p>\n<p><img loading=\"lazy\" decoding=\"async\" class=\"alignnone\" src=\"https:\/\/lh5.googleusercontent.com\/ltW6vr5wt7BytkqZid35T70IoQ0diMKfMrYuyRa2OyiwHf28gMIOxx9x0RslZmAapvVXkZ8INNKfajFlOKAkhFV7WniCbt-01IM6u4MNvAsZZV5us3GaBhc3bHbqjM9us_QeT_9wBnHcnsrl\" width=\"1600\" height=\"1066\" \/>A la Fiesta Solidaria vinieron m\u00e1s de 100 personas y se recaud\u00f3 <strong>m\u00e1s de 800 euros<\/strong>. Fue un evento muy genuino y divertido, en el que me lo pas\u00e9 genial. Hubo mucha comida, pero de lo que m\u00e1s me gust\u00f3 fue el hummus y el tabbouleh, que tuvieron un gran \u00e9xito junto a la rifa. Hab\u00eda gente de Madrid for Refugees, amigos de amigos, gente que hab\u00eda visto el evento publicitado en las redes sociales y en los carteles. Adem\u00e1s en el sitio se hablaban un mont\u00f3n de lenguas: espa\u00f1ol, ingl\u00e9s, franc\u00e9s, catal\u00e1n, etc. bajo la m\u00fasica del <strong>DJ Armenio de Guacamayo Tropical<\/strong>. Parec\u00eda que toda esta gente hab\u00eda venido para ayudar de alguna manera, ante la Crisis actual de la Uni\u00f3n Europea en la acogida de Refugiados.<\/p>\n<p><img loading=\"lazy\" decoding=\"async\" class=\"alignnone\" src=\"https:\/\/lh6.googleusercontent.com\/hfRMeFoH6RZU3346mZSkx0-x7FxxVJwKDdbSVXT4OeDQQPZhvb6zxZug7IEpxCjtGLfu_uu-trKhOZVbUJ7vX7yKYEU5Xrs6JjA24Zz487G5tv6qixyBtphwgnqjMKuBGF8jitS_KDe4tuI7\" width=\"1600\" height=\"1066\" \/>A pesar del ambiente de fiesta de viernes por la noche, una gran bandera de Madrid for Refugees colocada en el escenario nos record\u00f3 de por qu\u00e9 estamos aqu\u00ed. Antes de que la m\u00fasica sonase, la Presidenta de MFR Christina, habl\u00f3 sobre la Asociaci\u00f3n y agradeci\u00f3 a todos su presencia y Breanna explic\u00f3 el proyecto en Grecia.<\/p>\n<p>Fue un gran evento. Tras finalizar quer\u00eda seguir conociendo a voluntarios, involucrarme m\u00e1s y asistir a eventos pr\u00f3ximos. Pero no fue s\u00f3lo una cuesti\u00f3n de divertirse, sino que hab\u00eda un prop\u00f3sito detr\u00e1s y era ayudar a los Refugiados que piden asilo en Madrid. Por supuesto se puede hacer m\u00e1s, pero son peque\u00f1as iniciativas para conseguir grandes cosas.<\/p>\n<p><img loading=\"lazy\" decoding=\"async\" class=\"alignnone\" src=\"https:\/\/lh6.googleusercontent.com\/8tc2LPIHD0AbJvKKiYd3p0-PJcxz7iaKvOXAy_3G_DyhoBcIJ3IKfsKQhjpQyXpG4tGt-amMDsK73NKtYUvAosvqWwV9rJr-6fQpqWq5mag5PwMkRr3HPRZdXjof8ssNuCR0bH-1NHp5XjEH\" width=\"1600\" height=\"1066\" \/><span style=\"text-decoration: underline;\">Acerca de la autora<\/span><br \/>\nMarie es una nueva voluntaria de MFR. Ella se uni\u00f3 al Equipo de Donaciones y tambi\u00e9n da una mano reescribiendo <a href=\"https:\/\/madridforrefugees.org\/es\/\">nuestra p\u00e1gina web<\/a>. Originaria de Francia, se traslad\u00f3 a Madrid para aprender espa\u00f1ol y encontrar algo de sol despu\u00e9s de una estancia de un a\u00f1o en Edimburgo, Escocia, donde termin\u00f3 su Maestr\u00eda en Ciencias Pol\u00edticas.<\/p>\n","protected":false},"excerpt":{"rendered":"<p>Mi experiencia como voluntaria en Madrid For Refugees empez\u00f3 hace poco, hace dos o tres semanas. Pero desde que me involucr\u00e9 en este proyecto, me gust\u00f3 el esp\u00edritu y la dedicaci\u00f3n de mis compa\u00f1eros. No me acuerdo exactamente de como conoc\u00ed la organizaci\u00f3n, creo recordar que fue navegando por Internet, &hellip;<\/p>\n","protected":false},"author":27,"featured_media":0,"comment_status":"closed","ping_status":"open","sticky":false,"template":"","format":"standard","meta":{"_monsterinsights_skip_tracking":false,"_monsterinsights_sitenote_active":false,"_monsterinsights_sitenote_note":"","_monsterinsights_sitenote_category":0,"_jetpack_memberships_contains_paid_content":false,"footnotes":"","jetpack_publicize_message":"","jetpack_publicize_feature_enabled":true,"jetpack_social_post_already_shared":true,"jetpack_social_options":{"image_generator_settings":{"template":"highway","enabled":false},"version":2}},"categories":[82,79],"tags":[],"class_list":["post-650","post","type-post","status-publish","format-standard","hentry","category-noticias","category-spanish"],"yoast_head":"<!-- This site is optimized with the Yoast SEO plugin v25.2 - https:\/\/yoast.com\/wordpress\/plugins\/seo\/ -->\n<title>La Fiesta Solidaria de MFR - Madrid For Refugees<\/title>\n<meta name=\"robots\" content=\"index, follow, max-snippet:-1, max-image-preview:large, max-video-preview:-1\" \/>\n<link rel=\"canonical\" href=\"https:\/\/madridforrefugees.org\/es\/la-fiesta-solidaria-de-mfr\/\" \/>\n<meta property=\"og:locale\" content=\"es_ES\" \/>\n<meta property=\"og:type\" content=\"article\" \/>\n<meta property=\"og:title\" content=\"La Fiesta Solidaria de MFR - Madrid For Refugees\" \/>\n<meta property=\"og:description\" content=\"Mi experiencia como voluntaria en Madrid For Refugees empez\u00f3 hace poco, hace dos o tres semanas. Pero desde que me involucr\u00e9 en este proyecto, me gust\u00f3 el esp\u00edritu y la dedicaci\u00f3n de mis compa\u00f1eros. No me acuerdo exactamente de como conoc\u00ed la organizaci\u00f3n, creo recordar que fue navegando por Internet, &hellip;\" \/>\n<meta property=\"og:url\" content=\"https:\/\/madridforrefugees.org\/es\/la-fiesta-solidaria-de-mfr\/\" \/>\n<meta property=\"og:site_name\" content=\"Madrid For Refugees\" \/>\n<meta property=\"article:publisher\" content=\"https:\/\/www.facebook.com\/Madrid4Refugees\/\" \/>\n<meta property=\"article:published_time\" content=\"2016-12-08T12:28:15+00:00\" \/>\n<meta property=\"article:modified_time\" content=\"2017-02-09T20:43:57+00:00\" \/>\n<meta property=\"og:image\" content=\"https:\/\/lh4.googleusercontent.com\/bIk1fNVsZtTJmY-AIA5SlARaJRgXNRkCe7kDRLCiEKv2IPKuMZXWXGlctATxM7D5HJZzSUWi0mNKwtVrLqV23EnMVqVvSA6X49bh_lTwLieFEDxQAzhpAQZ34P13X8cnAH3SIVYk8LE7_i1M\" \/>\n<meta name=\"author\" content=\"madridforrefugees\" \/>\n<meta name=\"twitter:card\" content=\"summary_large_image\" \/>\n<meta name=\"twitter:creator\" content=\"@Madrid4Refugees\" \/>\n<meta name=\"twitter:site\" content=\"@Madrid4Refugees\" \/>\n<meta name=\"twitter:label1\" content=\"Escrito por\" \/>\n\t<meta name=\"twitter:data1\" content=\"madridforrefugees\" \/>\n\t<meta name=\"twitter:label2\" content=\"Tiempo de lectura\" \/>\n\t<meta name=\"twitter:data2\" content=\"4 minutos\" \/>\n<script type=\"application\/ld+json\" class=\"yoast-schema-graph\">{\"@context\":\"https:\/\/schema.org\",\"@graph\":[{\"@type\":\"Article\",\"@id\":\"https:\/\/madridforrefugees.org\/es\/la-fiesta-solidaria-de-mfr\/#article\",\"isPartOf\":{\"@id\":\"https:\/\/madridforrefugees.org\/es\/la-fiesta-solidaria-de-mfr\/\"},\"author\":{\"name\":\"madridforrefugees\",\"@id\":\"https:\/\/madridforrefugees.org\/es\/home-2\/#\/schema\/person\/dc54e70a1f4c80ea7e662560032ba577\"},\"headline\":\"La Fiesta Solidaria de MFR\",\"datePublished\":\"2016-12-08T12:28:15+00:00\",\"dateModified\":\"2017-02-09T20:43:57+00:00\",\"mainEntityOfPage\":{\"@id\":\"https:\/\/madridforrefugees.org\/es\/la-fiesta-solidaria-de-mfr\/\"},\"wordCount\":732,\"publisher\":{\"@id\":\"https:\/\/madridforrefugees.org\/es\/home-2\/#organization\"},\"image\":{\"@id\":\"https:\/\/madridforrefugees.org\/es\/la-fiesta-solidaria-de-mfr\/#primaryimage\"},\"thumbnailUrl\":\"https:\/\/lh4.googleusercontent.com\/bIk1fNVsZtTJmY-AIA5SlARaJRgXNRkCe7kDRLCiEKv2IPKuMZXWXGlctATxM7D5HJZzSUWi0mNKwtVrLqV23EnMVqVvSA6X49bh_lTwLieFEDxQAzhpAQZ34P13X8cnAH3SIVYk8LE7_i1M\",\"articleSection\":[\"Noticias\",\"Spanish\"],\"inLanguage\":\"es\"},{\"@type\":\"WebPage\",\"@id\":\"https:\/\/madridforrefugees.org\/es\/la-fiesta-solidaria-de-mfr\/\",\"url\":\"https:\/\/madridforrefugees.org\/es\/la-fiesta-solidaria-de-mfr\/\",\"name\":\"La Fiesta Solidaria de MFR - Madrid For Refugees\",\"isPartOf\":{\"@id\":\"https:\/\/madridforrefugees.org\/es\/home-2\/#website\"},\"primaryImageOfPage\":{\"@id\":\"https:\/\/madridforrefugees.org\/es\/la-fiesta-solidaria-de-mfr\/#primaryimage\"},\"image\":{\"@id\":\"https:\/\/madridforrefugees.org\/es\/la-fiesta-solidaria-de-mfr\/#primaryimage\"},\"thumbnailUrl\":\"https:\/\/lh4.googleusercontent.com\/bIk1fNVsZtTJmY-AIA5SlARaJRgXNRkCe7kDRLCiEKv2IPKuMZXWXGlctATxM7D5HJZzSUWi0mNKwtVrLqV23EnMVqVvSA6X49bh_lTwLieFEDxQAzhpAQZ34P13X8cnAH3SIVYk8LE7_i1M\",\"datePublished\":\"2016-12-08T12:28:15+00:00\",\"dateModified\":\"2017-02-09T20:43:57+00:00\",\"breadcrumb\":{\"@id\":\"https:\/\/madridforrefugees.org\/es\/la-fiesta-solidaria-de-mfr\/#breadcrumb\"},\"inLanguage\":\"es\",\"potentialAction\":[{\"@type\":\"ReadAction\",\"target\":[\"https:\/\/madridforrefugees.org\/es\/la-fiesta-solidaria-de-mfr\/\"]}]},{\"@type\":\"ImageObject\",\"inLanguage\":\"es\",\"@id\":\"https:\/\/madridforrefugees.org\/es\/la-fiesta-solidaria-de-mfr\/#primaryimage\",\"url\":\"https:\/\/lh4.googleusercontent.com\/bIk1fNVsZtTJmY-AIA5SlARaJRgXNRkCe7kDRLCiEKv2IPKuMZXWXGlctATxM7D5HJZzSUWi0mNKwtVrLqV23EnMVqVvSA6X49bh_lTwLieFEDxQAzhpAQZ34P13X8cnAH3SIVYk8LE7_i1M\",\"contentUrl\":\"https:\/\/lh4.googleusercontent.com\/bIk1fNVsZtTJmY-AIA5SlARaJRgXNRkCe7kDRLCiEKv2IPKuMZXWXGlctATxM7D5HJZzSUWi0mNKwtVrLqV23EnMVqVvSA6X49bh_lTwLieFEDxQAzhpAQZ34P13X8cnAH3SIVYk8LE7_i1M\"},{\"@type\":\"BreadcrumbList\",\"@id\":\"https:\/\/madridforrefugees.org\/es\/la-fiesta-solidaria-de-mfr\/#breadcrumb\",\"itemListElement\":[{\"@type\":\"ListItem\",\"position\":1,\"name\":\"Home\",\"item\":\"https:\/\/madridforrefugees.org\/es\/\"},{\"@type\":\"ListItem\",\"position\":2,\"name\":\"La Fiesta Solidaria de MFR\"}]},{\"@type\":\"WebSite\",\"@id\":\"https:\/\/madridforrefugees.org\/es\/home-2\/#website\",\"url\":\"https:\/\/madridforrefugees.org\/es\/home-2\/\",\"name\":\"MadridForRefugees\",\"description\":\"Helping Refugees in Madrid and Abroad\",\"publisher\":{\"@id\":\"https:\/\/madridforrefugees.org\/es\/home-2\/#organization\"},\"potentialAction\":[{\"@type\":\"SearchAction\",\"target\":{\"@type\":\"EntryPoint\",\"urlTemplate\":\"https:\/\/madridforrefugees.org\/es\/home-2\/?s={search_term_string}\"},\"query-input\":{\"@type\":\"PropertyValueSpecification\",\"valueRequired\":true,\"valueName\":\"search_term_string\"}}],\"inLanguage\":\"es\"},{\"@type\":\"Organization\",\"@id\":\"https:\/\/madridforrefugees.org\/es\/home-2\/#organization\",\"name\":\"Madrid for Refugees\",\"url\":\"https:\/\/madridforrefugees.org\/es\/home-2\/\",\"logo\":{\"@type\":\"ImageObject\",\"inLanguage\":\"es\",\"@id\":\"https:\/\/madridforrefugees.org\/es\/home-2\/#\/schema\/logo\/image\/\",\"url\":\"https:\/\/madridforrefugees.org\/wp-content\/uploads\/2021\/11\/MFR-Logo-Initials-Words.png\",\"contentUrl\":\"https:\/\/madridforrefugees.org\/wp-content\/uploads\/2021\/11\/MFR-Logo-Initials-Words.png\",\"width\":233,\"height\":83,\"caption\":\"Madrid for Refugees\"},\"image\":{\"@id\":\"https:\/\/madridforrefugees.org\/es\/home-2\/#\/schema\/logo\/image\/\"},\"sameAs\":[\"https:\/\/www.facebook.com\/Madrid4Refugees\/\",\"https:\/\/x.com\/Madrid4Refugees\",\"https:\/\/www.instagram.com\/weloverefugees\/\",\"https:\/\/www.linkedin.com\/company\/madrid-for-refugees\",\"https:\/\/www.pinterest.com\/weloverefugees\/\"]},{\"@type\":\"Person\",\"@id\":\"https:\/\/madridforrefugees.org\/es\/home-2\/#\/schema\/person\/dc54e70a1f4c80ea7e662560032ba577\",\"name\":\"madridforrefugees\",\"url\":\"https:\/\/madridforrefugees.org\/es\/author\/madridforrefugees\/\"}]}<\/script>\n<!-- \/ Yoast SEO plugin. -->","yoast_head_json":{"title":"La Fiesta Solidaria de MFR - Madrid For Refugees","robots":{"index":"index","follow":"follow","max-snippet":"max-snippet:-1","max-image-preview":"max-image-preview:large","max-video-preview":"max-video-preview:-1"},"canonical":"https:\/\/madridforrefugees.org\/es\/la-fiesta-solidaria-de-mfr\/","og_locale":"es_ES","og_type":"article","og_title":"La Fiesta Solidaria de MFR - Madrid For Refugees","og_description":"Mi experiencia como voluntaria en Madrid For Refugees empez\u00f3 hace poco, hace dos o tres semanas. Pero desde que me involucr\u00e9 en este proyecto, me gust\u00f3 el esp\u00edritu y la dedicaci\u00f3n de mis compa\u00f1eros. No me acuerdo exactamente de como conoc\u00ed la organizaci\u00f3n, creo recordar que fue navegando por Internet, &hellip;","og_url":"https:\/\/madridforrefugees.org\/es\/la-fiesta-solidaria-de-mfr\/","og_site_name":"Madrid For Refugees","article_publisher":"https:\/\/www.facebook.com\/Madrid4Refugees\/","article_published_time":"2016-12-08T12:28:15+00:00","article_modified_time":"2017-02-09T20:43:57+00:00","og_image":[{"url":"https:\/\/lh4.googleusercontent.com\/bIk1fNVsZtTJmY-AIA5SlARaJRgXNRkCe7kDRLCiEKv2IPKuMZXWXGlctATxM7D5HJZzSUWi0mNKwtVrLqV23EnMVqVvSA6X49bh_lTwLieFEDxQAzhpAQZ34P13X8cnAH3SIVYk8LE7_i1M","type":"","width":"","height":""}],"author":"madridforrefugees","twitter_card":"summary_large_image","twitter_creator":"@Madrid4Refugees","twitter_site":"@Madrid4Refugees","twitter_misc":{"Escrito por":"madridforrefugees","Tiempo de lectura":"4 minutos"},"schema":{"@context":"https:\/\/schema.org","@graph":[{"@type":"Article","@id":"https:\/\/madridforrefugees.org\/es\/la-fiesta-solidaria-de-mfr\/#article","isPartOf":{"@id":"https:\/\/madridforrefugees.org\/es\/la-fiesta-solidaria-de-mfr\/"},"author":{"name":"madridforrefugees","@id":"https:\/\/madridforrefugees.org\/es\/home-2\/#\/schema\/person\/dc54e70a1f4c80ea7e662560032ba577"},"headline":"La Fiesta Solidaria de MFR","datePublished":"2016-12-08T12:28:15+00:00","dateModified":"2017-02-09T20:43:57+00:00","mainEntityOfPage":{"@id":"https:\/\/madridforrefugees.org\/es\/la-fiesta-solidaria-de-mfr\/"},"wordCount":732,"publisher":{"@id":"https:\/\/madridforrefugees.org\/es\/home-2\/#organization"},"image":{"@id":"https:\/\/madridforrefugees.org\/es\/la-fiesta-solidaria-de-mfr\/#primaryimage"},"thumbnailUrl":"https:\/\/lh4.googleusercontent.com\/bIk1fNVsZtTJmY-AIA5SlARaJRgXNRkCe7kDRLCiEKv2IPKuMZXWXGlctATxM7D5HJZzSUWi0mNKwtVrLqV23EnMVqVvSA6X49bh_lTwLieFEDxQAzhpAQZ34P13X8cnAH3SIVYk8LE7_i1M","articleSection":["Noticias","Spanish"],"inLanguage":"es"},{"@type":"WebPage","@id":"https:\/\/madridforrefugees.org\/es\/la-fiesta-solidaria-de-mfr\/","url":"https:\/\/madridforrefugees.org\/es\/la-fiesta-solidaria-de-mfr\/","name":"La Fiesta Solidaria de MFR - Madrid For Refugees","isPartOf":{"@id":"https:\/\/madridforrefugees.org\/es\/home-2\/#website"},"primaryImageOfPage":{"@id":"https:\/\/madridforrefugees.org\/es\/la-fiesta-solidaria-de-mfr\/#primaryimage"},"image":{"@id":"https:\/\/madridforrefugees.org\/es\/la-fiesta-solidaria-de-mfr\/#primaryimage"},"thumbnailUrl":"https:\/\/lh4.googleusercontent.com\/bIk1fNVsZtTJmY-AIA5SlARaJRgXNRkCe7kDRLCiEKv2IPKuMZXWXGlctATxM7D5HJZzSUWi0mNKwtVrLqV23EnMVqVvSA6X49bh_lTwLieFEDxQAzhpAQZ34P13X8cnAH3SIVYk8LE7_i1M","datePublished":"2016-12-08T12:28:15+00:00","dateModified":"2017-02-09T20:43:57+00:00","breadcrumb":{"@id":"https:\/\/madridforrefugees.org\/es\/la-fiesta-solidaria-de-mfr\/#breadcrumb"},"inLanguage":"es","potentialAction":[{"@type":"ReadAction","target":["https:\/\/madridforrefugees.org\/es\/la-fiesta-solidaria-de-mfr\/"]}]},{"@type":"ImageObject","inLanguage":"es","@id":"https:\/\/madridforrefugees.org\/es\/la-fiesta-solidaria-de-mfr\/#primaryimage","url":"https:\/\/lh4.googleusercontent.com\/bIk1fNVsZtTJmY-AIA5SlARaJRgXNRkCe7kDRLCiEKv2IPKuMZXWXGlctATxM7D5HJZzSUWi0mNKwtVrLqV23EnMVqVvSA6X49bh_lTwLieFEDxQAzhpAQZ34P13X8cnAH3SIVYk8LE7_i1M","contentUrl":"https:\/\/lh4.googleusercontent.com\/bIk1fNVsZtTJmY-AIA5SlARaJRgXNRkCe7kDRLCiEKv2IPKuMZXWXGlctATxM7D5HJZzSUWi0mNKwtVrLqV23EnMVqVvSA6X49bh_lTwLieFEDxQAzhpAQZ34P13X8cnAH3SIVYk8LE7_i1M"},{"@type":"BreadcrumbList","@id":"https:\/\/madridforrefugees.org\/es\/la-fiesta-solidaria-de-mfr\/#breadcrumb","itemListElement":[{"@type":"ListItem","position":1,"name":"Home","item":"https:\/\/madridforrefugees.org\/es\/"},{"@type":"ListItem","position":2,"name":"La Fiesta Solidaria de MFR"}]},{"@type":"WebSite","@id":"https:\/\/madridforrefugees.org\/es\/home-2\/#website","url":"https:\/\/madridforrefugees.org\/es\/home-2\/","name":"MadridForRefugees","description":"Helping Refugees in Madrid and Abroad","publisher":{"@id":"https:\/\/madridforrefugees.org\/es\/home-2\/#organization"},"potentialAction":[{"@type":"SearchAction","target":{"@type":"EntryPoint","urlTemplate":"https:\/\/madridforrefugees.org\/es\/home-2\/?s={search_term_string}"},"query-input":{"@type":"PropertyValueSpecification","valueRequired":true,"valueName":"search_term_string"}}],"inLanguage":"es"},{"@type":"Organization","@id":"https:\/\/madridforrefugees.org\/es\/home-2\/#organization","name":"Madrid for Refugees","url":"https:\/\/madridforrefugees.org\/es\/home-2\/","logo":{"@type":"ImageObject","inLanguage":"es","@id":"https:\/\/madridforrefugees.org\/es\/home-2\/#\/schema\/logo\/image\/","url":"https:\/\/madridforrefugees.org\/wp-content\/uploads\/2021\/11\/MFR-Logo-Initials-Words.png","contentUrl":"https:\/\/madridforrefugees.org\/wp-content\/uploads\/2021\/11\/MFR-Logo-Initials-Words.png","width":233,"height":83,"caption":"Madrid for Refugees"},"image":{"@id":"https:\/\/madridforrefugees.org\/es\/home-2\/#\/schema\/logo\/image\/"},"sameAs":["https:\/\/www.facebook.com\/Madrid4Refugees\/","https:\/\/x.com\/Madrid4Refugees","https:\/\/www.instagram.com\/weloverefugees\/","https:\/\/www.linkedin.com\/company\/madrid-for-refugees","https:\/\/www.pinterest.com\/weloverefugees\/"]},{"@type":"Person","@id":"https:\/\/madridforrefugees.org\/es\/home-2\/#\/schema\/person\/dc54e70a1f4c80ea7e662560032ba577","name":"madridforrefugees","url":"https:\/\/madridforrefugees.org\/es\/author\/madridforrefugees\/"}]}},"jetpack_publicize_connections":[],"jetpack_featured_media_url":"","jetpack_likes_enabled":true,"jetpack_sharing_enabled":true,"amp_enabled":true,"_links":{"self":[{"href":"https:\/\/madridforrefugees.org\/es\/wp-json\/wp\/v2\/posts\/650","targetHints":{"allow":["GET"]}}],"collection":[{"href":"https:\/\/madridforrefugees.org\/es\/wp-json\/wp\/v2\/posts"}],"about":[{"href":"https:\/\/madridforrefugees.org\/es\/wp-json\/wp\/v2\/types\/post"}],"author":[{"embeddable":true,"href":"https:\/\/madridforrefugees.org\/es\/wp-json\/wp\/v2\/users\/27"}],"replies":[{"embeddable":true,"href":"https:\/\/madridforrefugees.org\/es\/wp-json\/wp\/v2\/comments?post=650"}],"version-history":[{"count":0,"href":"https:\/\/madridforrefugees.org\/es\/wp-json\/wp\/v2\/posts\/650\/revisions"}],"wp:attachment":[{"href":"https:\/\/madridforrefugees.org\/es\/wp-json\/wp\/v2\/media?parent=650"}],"wp:term":[{"taxonomy":"category","embeddable":true,"href":"https:\/\/madridforrefugees.org\/es\/wp-json\/wp\/v2\/categories?post=650"},{"taxonomy":"post_tag","embeddable":true,"href":"https:\/\/madridforrefugees.org\/es\/wp-json\/wp\/v2\/tags?post=650"}],"curies":[{"name":"wp","href":"https:\/\/api.w.org\/{rel}","templated":true}]}}