{"id":655,"date":"2016-12-12T19:52:24","date_gmt":"2016-12-12T19:52:24","guid":{"rendered":"https:\/\/madridforrefugees.org\/?p=655"},"modified":"2016-12-12T20:01:42","modified_gmt":"2016-12-12T20:01:42","slug":"chefugee-mundial-espanol","status":"publish","type":"post","link":"https:\/\/madridforrefugees.org\/es\/chefugee-mundial-espanol\/","title":{"rendered":"Chefugee Mundial"},"content":{"rendered":"<p>Es muy f\u00e1cil olvidar lo que hay detr\u00e1s de una crisis como la que se est\u00e1 viviendo actualmente con los refugiados. A pesar de la inundaci\u00f3n pasajera de noticias en internet y los medios, pasajera porque un d\u00eda parece que sea lo \u00fanico que ha pasado en el mundo pero tras unas semanas de duelo parece como si ya el problema hubiera desaparecido, no solemos tener la oportunidad de conocer la gente detr\u00e1s de ese problema, los que realmente lo sufren cada d\u00eda.<\/p>\n<p><img loading=\"lazy\" decoding=\"async\" class=\"aligncenter size-large wp-image-659\" src=\"https:\/\/madridforrefugees.org\/wp-content\/uploads\/2016\/12\/Plato2-1024x683.jpg\" alt=\"plato2\" width=\"1024\" height=\"683\" srcset=\"https:\/\/madridforrefugees.org\/wp-content\/uploads\/2016\/12\/Plato2-1024x683.jpg 1024w, https:\/\/madridforrefugees.org\/wp-content\/uploads\/2016\/12\/Plato2-300x200.jpg 300w, https:\/\/madridforrefugees.org\/wp-content\/uploads\/2016\/12\/Plato2-768x512.jpg 768w\" sizes=\"auto, (max-width: 1024px) 100vw, 1024px\" \/><\/p>\n<p>Ya conoc\u00eda acerca de la labor que est\u00e1 haciendo <strong>MFR<\/strong> por estas personas, aunque nunca hab\u00eda entrado en contacto directo con la asociaci\u00f3n. Por eso en el momento en el que escuch\u00e9 acerca de <strong>Chefugee<\/strong>, la idea de colaborar con ellos no paraba de rondar por mi cabeza. Inmediatamente me pareci\u00f3 una manera extraordinaria de juntar una de mis mayores pasiones, la comida y la cocina, con la oportunidad tanto de ayudar como de escuchar de primera mano las historias y vidas de personas que han tenido que dejar todo atr\u00e1s para intentar empezar una nueva vida.<\/p>\n<p><img loading=\"lazy\" decoding=\"async\" class=\"aligncenter size-large wp-image-662\" src=\"https:\/\/madridforrefugees.org\/wp-content\/uploads\/2016\/12\/Volunteer-serving-683x1024.jpg\" alt=\"volunteer-serving\" width=\"683\" height=\"1024\" srcset=\"https:\/\/madridforrefugees.org\/wp-content\/uploads\/2016\/12\/Volunteer-serving-683x1024.jpg 683w, https:\/\/madridforrefugees.org\/wp-content\/uploads\/2016\/12\/Volunteer-serving-200x300.jpg 200w, https:\/\/madridforrefugees.org\/wp-content\/uploads\/2016\/12\/Volunteer-serving-768x1152.jpg 768w, https:\/\/madridforrefugees.org\/wp-content\/uploads\/2016\/12\/Volunteer-serving.jpg 1707w\" sizes=\"auto, (max-width: 683px) 100vw, 683px\" \/><\/p>\n<p>R\u00e1pidamente me puse en contacto con Chefugee para proponer una colaboraci\u00f3n profesional. No pod\u00eda parar de imaginarme lo incre\u00edble que podr\u00eda ser aportar mi granito de arena. Y as\u00ed fue como, tras una primera reuni\u00f3n con Natalia y Felicia, recib\u00ed la invitaci\u00f3n para acudir a <strong>Chefugee Mundial<\/strong>.<\/p>\n<p><img loading=\"lazy\" decoding=\"async\" class=\"aligncenter size-large wp-image-660\" src=\"https:\/\/madridforrefugees.org\/wp-content\/uploads\/2016\/12\/So-Easy-to-Cook-and-El-Mundo-journalist-1024x683.jpg\" alt=\"so-easy-to-cook-and-el-mundo-journalist\" width=\"1024\" height=\"683\" srcset=\"https:\/\/madridforrefugees.org\/wp-content\/uploads\/2016\/12\/So-Easy-to-Cook-and-El-Mundo-journalist-1024x683.jpg 1024w, https:\/\/madridforrefugees.org\/wp-content\/uploads\/2016\/12\/So-Easy-to-Cook-and-El-Mundo-journalist-300x200.jpg 300w, https:\/\/madridforrefugees.org\/wp-content\/uploads\/2016\/12\/So-Easy-to-Cook-and-El-Mundo-journalist-768x512.jpg 768w\" sizes=\"auto, (max-width: 1024px) 100vw, 1024px\" \/><\/p>\n<p>En Chefugee Mundial el formato cambi\u00f3 ligeramente con respecto a anteriores ediciones, pasando de ser en casas de particulares a celebrarse en el restaurante <strong>Mona Pinkerton<\/strong> en el barrio madrile\u00f1o de La Latina. Seg\u00fan entramos se notaba un ambiente c\u00e1lido, mezcla de gente que ya hab\u00eda acudido a otras ediciones y otros que acud\u00edamos por primera vez. Conversaciones cruzadas, cada persona con un background completamente distinto, todos reunidos all\u00ed para disfrutar de una deliciosa comida y, por supuesto, contribuir en todo lo posible con el proyecto. La comida estaba ya lista en la barra del restaurante, todos est\u00e1bamos entusiasmados por escuchar las primeras palabras de los organizadores y tener el privilegio de degustar platos t\u00edpicos de regiones que normalmente no se tiene la oportunidad de probar lejos de sus pa\u00edses de origen (s\u00ed, hay gastronom\u00eda m\u00e1s all\u00e1 de los shawarma y el hummus en los llamados pa\u00edses de Oriente Medio).<\/p>\n<p><img loading=\"lazy\" decoding=\"async\" class=\"aligncenter size-large wp-image-658\" src=\"https:\/\/madridforrefugees.org\/wp-content\/uploads\/2016\/12\/Michael-volunteer-683x1024.jpg\" alt=\"michael-volunteer\" width=\"683\" height=\"1024\" srcset=\"https:\/\/madridforrefugees.org\/wp-content\/uploads\/2016\/12\/Michael-volunteer-683x1024.jpg 683w, https:\/\/madridforrefugees.org\/wp-content\/uploads\/2016\/12\/Michael-volunteer-200x300.jpg 200w, https:\/\/madridforrefugees.org\/wp-content\/uploads\/2016\/12\/Michael-volunteer-768x1151.jpg 768w, https:\/\/madridforrefugees.org\/wp-content\/uploads\/2016\/12\/Michael-volunteer.jpg 1064w\" sizes=\"auto, (max-width: 683px) 100vw, 683px\" \/><\/p>\n<p>As\u00ed pues, tras una introducci\u00f3n por parte de los organizadores, presentaci\u00f3n del men\u00fa mundial (Ucrania, Venezuela, Irak y Siria) a cargo de los mismos chefs que lo hab\u00edan cocinado y unas palabras de los cocineros, la cena empez\u00f3. Ah\u00ed es cuando realmente entiendes de qu\u00e9 va <strong>Chefugee<\/strong>. Ah\u00ed es cuando sientes que no es una cena normal, no es solo un evento gastron\u00f3mico. Cuando entiendes que una vez m\u00e1s, la comida no es m\u00e1s que un canal para romper el hielo, que la gente se suelte y poder profundizar en cualquier tema. En torno a un delicioso y copioso plato degustaci\u00f3n de las distintas comidas preparadas la gente empieza a enzarzarse en conversaciones de distintos \u00e1mbitos, desde temas profesionales a temas culturales. Ah\u00ed es cuando realmente encuentras la oportunidad de hablar tanto con refugiados, organizadores o simplemente gente que como yo hab\u00eda ido a conocer y disfrutar del proyecto.<\/p>\n<p><img loading=\"lazy\" decoding=\"async\" class=\"aligncenter size-large wp-image-656\" src=\"https:\/\/madridforrefugees.org\/wp-content\/uploads\/2016\/12\/Felicia-Eyad-Christina-Natalia-speeches-1024x683.jpg\" alt=\"felicia-eyad-christina-natalia-speeches\" width=\"1024\" height=\"683\" srcset=\"https:\/\/madridforrefugees.org\/wp-content\/uploads\/2016\/12\/Felicia-Eyad-Christina-Natalia-speeches-1024x683.jpg 1024w, https:\/\/madridforrefugees.org\/wp-content\/uploads\/2016\/12\/Felicia-Eyad-Christina-Natalia-speeches-300x200.jpg 300w, https:\/\/madridforrefugees.org\/wp-content\/uploads\/2016\/12\/Felicia-Eyad-Christina-Natalia-speeches-768x512.jpg 768w\" sizes=\"auto, (max-width: 1024px) 100vw, 1024px\" \/><\/p>\n<p>Espero realmente que el proyecto siga creciendo y todos los que viven en Madrid (y por qu\u00e9 no alg\u00fan d\u00eda en el todo el mundo) tengan la oportunidad, al menos una vez, de compartir unas horas y ayudar a gente como Ghada, Edgar, Natalia o Ruba, tanto para probar su deliciosa cocina como para impregnarse del entusiasmo y energ\u00eda que desprenden a pesar del duro camino que han tenido que recorrer hasta ahora.<\/p>\n<p><img loading=\"lazy\" decoding=\"async\" class=\"aligncenter size-large wp-image-661\" src=\"https:\/\/madridforrefugees.org\/wp-content\/uploads\/2016\/12\/Top-shot-great-1024x683.jpg\" alt=\"top-shot-great\" width=\"1024\" height=\"683\" srcset=\"https:\/\/madridforrefugees.org\/wp-content\/uploads\/2016\/12\/Top-shot-great-1024x683.jpg 1024w, https:\/\/madridforrefugees.org\/wp-content\/uploads\/2016\/12\/Top-shot-great-300x200.jpg 300w, https:\/\/madridforrefugees.org\/wp-content\/uploads\/2016\/12\/Top-shot-great-768x512.jpg 768w\" sizes=\"auto, (max-width: 1024px) 100vw, 1024px\" \/><\/p>\n<p><span style=\"text-decoration: underline;\">Sobre el autor<\/span><br \/>\nLuis Grande es un apasionado desarrollador de software y cocinero amateur. Actualmente trabaja junto a Iv\u00e1n Campos y Julien Hennico en <a href=\"https:\/\/www.soeasytocook.com\">soeasytocook.com<\/a>, un proyecto para conectar amantes de la cocina mediante cursos de cocina impartidos tanto por cocineros particulares en sus casas o por escuelas de cocina profesionales. Tanto si eres un amante de la cocina y quieres descubrir nueva gente y nuevas recetas o simplemente quieres aprender como sorprender a tus amigos en la proxima cena que organices con ellos, visita <a href=\"https:\/\/www.soeasytocook.com\">su sitio web<\/a> y aprende c\u00f3mo cocinar tus platos favoritos con un <strong>10% de descuento<\/strong> usando el c\u00f3digo CHEFUGEE al hacer tu reserva.<\/p>\n<p>[Fotograf\u00eda: Jane Mitchell Photography]<\/p>\n","protected":false},"excerpt":{"rendered":"<p>Es muy f\u00e1cil olvidar lo que hay detr\u00e1s de una crisis como la que se est\u00e1 viviendo actualmente con los refugiados. A pesar de la inundaci\u00f3n pasajera de noticias en internet y los medios, pasajera porque un d\u00eda parece que sea lo \u00fanico que ha pasado en el mundo pero &hellip;<\/p>\n","protected":false},"author":27,"featured_media":4145,"comment_status":"closed","ping_status":"open","sticky":false,"template":"","format":"standard","meta":{"_monsterinsights_skip_tracking":false,"_monsterinsights_sitenote_active":false,"_monsterinsights_sitenote_note":"","_monsterinsights_sitenote_category":0,"_jetpack_memberships_contains_paid_content":false,"footnotes":"","jetpack_publicize_message":"","jetpack_publicize_feature_enabled":true,"jetpack_social_post_already_shared":true,"jetpack_social_options":{"image_generator_settings":{"template":"highway","enabled":false},"version":2}},"categories":[82,79],"tags":[],"class_list":["post-655","post","type-post","status-publish","format-standard","has-post-thumbnail","hentry","category-noticias","category-spanish"],"yoast_head":"<!-- This site is optimized with the Yoast SEO plugin v25.2 - https:\/\/yoast.com\/wordpress\/plugins\/seo\/ -->\n<title>Chefugee Mundial - Madrid For Refugees<\/title>\n<meta name=\"robots\" content=\"index, follow, max-snippet:-1, max-image-preview:large, max-video-preview:-1\" \/>\n<link rel=\"canonical\" href=\"https:\/\/madridforrefugees.org\/es\/chefugee-mundial-espanol\/\" \/>\n<meta property=\"og:locale\" content=\"es_ES\" \/>\n<meta property=\"og:type\" content=\"article\" \/>\n<meta property=\"og:title\" content=\"Chefugee Mundial - Madrid For Refugees\" \/>\n<meta property=\"og:description\" content=\"Es muy f\u00e1cil olvidar lo que hay detr\u00e1s de una crisis como la que se est\u00e1 viviendo actualmente con los refugiados. A pesar de la inundaci\u00f3n pasajera de noticias en internet y los medios, pasajera porque un d\u00eda parece que sea lo \u00fanico que ha pasado en el mundo pero &hellip;\" \/>\n<meta property=\"og:url\" content=\"https:\/\/madridforrefugees.org\/es\/chefugee-mundial-espanol\/\" \/>\n<meta property=\"og:site_name\" content=\"Madrid For Refugees\" \/>\n<meta property=\"article:publisher\" content=\"https:\/\/www.facebook.com\/Madrid4Refugees\/\" \/>\n<meta property=\"article:published_time\" content=\"2016-12-12T19:52:24+00:00\" \/>\n<meta property=\"article:modified_time\" content=\"2016-12-12T20:01:42+00:00\" \/>\n<meta property=\"og:image\" content=\"https:\/\/madridforrefugees.org\/wp-content\/uploads\/2016\/12\/So-Easy-to-Cook-and-El-Mundo-journalist-1.jpg\" \/>\n\t<meta property=\"og:image:width\" content=\"2379\" \/>\n\t<meta property=\"og:image:height\" content=\"1586\" \/>\n\t<meta property=\"og:image:type\" content=\"image\/jpeg\" \/>\n<meta name=\"author\" content=\"madridforrefugees\" \/>\n<meta name=\"twitter:card\" content=\"summary_large_image\" \/>\n<meta name=\"twitter:creator\" content=\"@Madrid4Refugees\" \/>\n<meta name=\"twitter:site\" content=\"@Madrid4Refugees\" \/>\n<meta name=\"twitter:label1\" content=\"Escrito por\" \/>\n\t<meta name=\"twitter:data1\" content=\"madridforrefugees\" \/>\n\t<meta name=\"twitter:label2\" content=\"Tiempo de lectura\" \/>\n\t<meta name=\"twitter:data2\" content=\"4 minutos\" \/>\n<script type=\"application\/ld+json\" class=\"yoast-schema-graph\">{\"@context\":\"https:\/\/schema.org\",\"@graph\":[{\"@type\":\"Article\",\"@id\":\"https:\/\/madridforrefugees.org\/es\/chefugee-mundial-espanol\/#article\",\"isPartOf\":{\"@id\":\"https:\/\/madridforrefugees.org\/es\/chefugee-mundial-espanol\/\"},\"author\":{\"name\":\"madridforrefugees\",\"@id\":\"https:\/\/madridforrefugees.org\/es\/home-2\/#\/schema\/person\/dc54e70a1f4c80ea7e662560032ba577\"},\"headline\":\"Chefugee Mundial\",\"datePublished\":\"2016-12-12T19:52:24+00:00\",\"dateModified\":\"2016-12-12T20:01:42+00:00\",\"mainEntityOfPage\":{\"@id\":\"https:\/\/madridforrefugees.org\/es\/chefugee-mundial-espanol\/\"},\"wordCount\":756,\"publisher\":{\"@id\":\"https:\/\/madridforrefugees.org\/es\/home-2\/#organization\"},\"image\":{\"@id\":\"https:\/\/madridforrefugees.org\/es\/chefugee-mundial-espanol\/#primaryimage\"},\"thumbnailUrl\":\"https:\/\/madridforrefugees.org\/wp-content\/uploads\/2016\/12\/So-Easy-to-Cook-and-El-Mundo-journalist-1.jpg\",\"articleSection\":[\"Noticias\",\"Spanish\"],\"inLanguage\":\"es\"},{\"@type\":\"WebPage\",\"@id\":\"https:\/\/madridforrefugees.org\/es\/chefugee-mundial-espanol\/\",\"url\":\"https:\/\/madridforrefugees.org\/es\/chefugee-mundial-espanol\/\",\"name\":\"Chefugee Mundial - Madrid For Refugees\",\"isPartOf\":{\"@id\":\"https:\/\/madridforrefugees.org\/es\/home-2\/#website\"},\"primaryImageOfPage\":{\"@id\":\"https:\/\/madridforrefugees.org\/es\/chefugee-mundial-espanol\/#primaryimage\"},\"image\":{\"@id\":\"https:\/\/madridforrefugees.org\/es\/chefugee-mundial-espanol\/#primaryimage\"},\"thumbnailUrl\":\"https:\/\/madridforrefugees.org\/wp-content\/uploads\/2016\/12\/So-Easy-to-Cook-and-El-Mundo-journalist-1.jpg\",\"datePublished\":\"2016-12-12T19:52:24+00:00\",\"dateModified\":\"2016-12-12T20:01:42+00:00\",\"breadcrumb\":{\"@id\":\"https:\/\/madridforrefugees.org\/es\/chefugee-mundial-espanol\/#breadcrumb\"},\"inLanguage\":\"es\",\"potentialAction\":[{\"@type\":\"ReadAction\",\"target\":[\"https:\/\/madridforrefugees.org\/es\/chefugee-mundial-espanol\/\"]}]},{\"@type\":\"ImageObject\",\"inLanguage\":\"es\",\"@id\":\"https:\/\/madridforrefugees.org\/es\/chefugee-mundial-espanol\/#primaryimage\",\"url\":\"https:\/\/madridforrefugees.org\/wp-content\/uploads\/2016\/12\/So-Easy-to-Cook-and-El-Mundo-journalist-1.jpg\",\"contentUrl\":\"https:\/\/madridforrefugees.org\/wp-content\/uploads\/2016\/12\/So-Easy-to-Cook-and-El-Mundo-journalist-1.jpg\",\"width\":2379,\"height\":1586},{\"@type\":\"BreadcrumbList\",\"@id\":\"https:\/\/madridforrefugees.org\/es\/chefugee-mundial-espanol\/#breadcrumb\",\"itemListElement\":[{\"@type\":\"ListItem\",\"position\":1,\"name\":\"Home\",\"item\":\"https:\/\/madridforrefugees.org\/es\/\"},{\"@type\":\"ListItem\",\"position\":2,\"name\":\"Chefugee Mundial\"}]},{\"@type\":\"WebSite\",\"@id\":\"https:\/\/madridforrefugees.org\/es\/home-2\/#website\",\"url\":\"https:\/\/madridforrefugees.org\/es\/home-2\/\",\"name\":\"MadridForRefugees\",\"description\":\"Helping Refugees in Madrid and Abroad\",\"publisher\":{\"@id\":\"https:\/\/madridforrefugees.org\/es\/home-2\/#organization\"},\"potentialAction\":[{\"@type\":\"SearchAction\",\"target\":{\"@type\":\"EntryPoint\",\"urlTemplate\":\"https:\/\/madridforrefugees.org\/es\/home-2\/?s={search_term_string}\"},\"query-input\":{\"@type\":\"PropertyValueSpecification\",\"valueRequired\":true,\"valueName\":\"search_term_string\"}}],\"inLanguage\":\"es\"},{\"@type\":\"Organization\",\"@id\":\"https:\/\/madridforrefugees.org\/es\/home-2\/#organization\",\"name\":\"Madrid for Refugees\",\"url\":\"https:\/\/madridforrefugees.org\/es\/home-2\/\",\"logo\":{\"@type\":\"ImageObject\",\"inLanguage\":\"es\",\"@id\":\"https:\/\/madridforrefugees.org\/es\/home-2\/#\/schema\/logo\/image\/\",\"url\":\"https:\/\/madridforrefugees.org\/wp-content\/uploads\/2021\/11\/MFR-Logo-Initials-Words.png\",\"contentUrl\":\"https:\/\/madridforrefugees.org\/wp-content\/uploads\/2021\/11\/MFR-Logo-Initials-Words.png\",\"width\":233,\"height\":83,\"caption\":\"Madrid for Refugees\"},\"image\":{\"@id\":\"https:\/\/madridforrefugees.org\/es\/home-2\/#\/schema\/logo\/image\/\"},\"sameAs\":[\"https:\/\/www.facebook.com\/Madrid4Refugees\/\",\"https:\/\/x.com\/Madrid4Refugees\",\"https:\/\/www.instagram.com\/weloverefugees\/\",\"https:\/\/www.linkedin.com\/company\/madrid-for-refugees\",\"https:\/\/www.pinterest.com\/weloverefugees\/\"]},{\"@type\":\"Person\",\"@id\":\"https:\/\/madridforrefugees.org\/es\/home-2\/#\/schema\/person\/dc54e70a1f4c80ea7e662560032ba577\",\"name\":\"madridforrefugees\",\"url\":\"https:\/\/madridforrefugees.org\/es\/author\/madridforrefugees\/\"}]}<\/script>\n<!-- \/ Yoast SEO plugin. -->","yoast_head_json":{"title":"Chefugee Mundial - Madrid For Refugees","robots":{"index":"index","follow":"follow","max-snippet":"max-snippet:-1","max-image-preview":"max-image-preview:large","max-video-preview":"max-video-preview:-1"},"canonical":"https:\/\/madridforrefugees.org\/es\/chefugee-mundial-espanol\/","og_locale":"es_ES","og_type":"article","og_title":"Chefugee Mundial - Madrid For Refugees","og_description":"Es muy f\u00e1cil olvidar lo que hay detr\u00e1s de una crisis como la que se est\u00e1 viviendo actualmente con los refugiados. A pesar de la inundaci\u00f3n pasajera de noticias en internet y los medios, pasajera porque un d\u00eda parece que sea lo \u00fanico que ha pasado en el mundo pero &hellip;","og_url":"https:\/\/madridforrefugees.org\/es\/chefugee-mundial-espanol\/","og_site_name":"Madrid For Refugees","article_publisher":"https:\/\/www.facebook.com\/Madrid4Refugees\/","article_published_time":"2016-12-12T19:52:24+00:00","article_modified_time":"2016-12-12T20:01:42+00:00","og_image":[{"width":2379,"height":1586,"url":"https:\/\/madridforrefugees.org\/wp-content\/uploads\/2016\/12\/So-Easy-to-Cook-and-El-Mundo-journalist-1.jpg","type":"image\/jpeg"}],"author":"madridforrefugees","twitter_card":"summary_large_image","twitter_creator":"@Madrid4Refugees","twitter_site":"@Madrid4Refugees","twitter_misc":{"Escrito por":"madridforrefugees","Tiempo de lectura":"4 minutos"},"schema":{"@context":"https:\/\/schema.org","@graph":[{"@type":"Article","@id":"https:\/\/madridforrefugees.org\/es\/chefugee-mundial-espanol\/#article","isPartOf":{"@id":"https:\/\/madridforrefugees.org\/es\/chefugee-mundial-espanol\/"},"author":{"name":"madridforrefugees","@id":"https:\/\/madridforrefugees.org\/es\/home-2\/#\/schema\/person\/dc54e70a1f4c80ea7e662560032ba577"},"headline":"Chefugee Mundial","datePublished":"2016-12-12T19:52:24+00:00","dateModified":"2016-12-12T20:01:42+00:00","mainEntityOfPage":{"@id":"https:\/\/madridforrefugees.org\/es\/chefugee-mundial-espanol\/"},"wordCount":756,"publisher":{"@id":"https:\/\/madridforrefugees.org\/es\/home-2\/#organization"},"image":{"@id":"https:\/\/madridforrefugees.org\/es\/chefugee-mundial-espanol\/#primaryimage"},"thumbnailUrl":"https:\/\/madridforrefugees.org\/wp-content\/uploads\/2016\/12\/So-Easy-to-Cook-and-El-Mundo-journalist-1.jpg","articleSection":["Noticias","Spanish"],"inLanguage":"es"},{"@type":"WebPage","@id":"https:\/\/madridforrefugees.org\/es\/chefugee-mundial-espanol\/","url":"https:\/\/madridforrefugees.org\/es\/chefugee-mundial-espanol\/","name":"Chefugee Mundial - Madrid For Refugees","isPartOf":{"@id":"https:\/\/madridforrefugees.org\/es\/home-2\/#website"},"primaryImageOfPage":{"@id":"https:\/\/madridforrefugees.org\/es\/chefugee-mundial-espanol\/#primaryimage"},"image":{"@id":"https:\/\/madridforrefugees.org\/es\/chefugee-mundial-espanol\/#primaryimage"},"thumbnailUrl":"https:\/\/madridforrefugees.org\/wp-content\/uploads\/2016\/12\/So-Easy-to-Cook-and-El-Mundo-journalist-1.jpg","datePublished":"2016-12-12T19:52:24+00:00","dateModified":"2016-12-12T20:01:42+00:00","breadcrumb":{"@id":"https:\/\/madridforrefugees.org\/es\/chefugee-mundial-espanol\/#breadcrumb"},"inLanguage":"es","potentialAction":[{"@type":"ReadAction","target":["https:\/\/madridforrefugees.org\/es\/chefugee-mundial-espanol\/"]}]},{"@type":"ImageObject","inLanguage":"es","@id":"https:\/\/madridforrefugees.org\/es\/chefugee-mundial-espanol\/#primaryimage","url":"https:\/\/madridforrefugees.org\/wp-content\/uploads\/2016\/12\/So-Easy-to-Cook-and-El-Mundo-journalist-1.jpg","contentUrl":"https:\/\/madridforrefugees.org\/wp-content\/uploads\/2016\/12\/So-Easy-to-Cook-and-El-Mundo-journalist-1.jpg","width":2379,"height":1586},{"@type":"BreadcrumbList","@id":"https:\/\/madridforrefugees.org\/es\/chefugee-mundial-espanol\/#breadcrumb","itemListElement":[{"@type":"ListItem","position":1,"name":"Home","item":"https:\/\/madridforrefugees.org\/es\/"},{"@type":"ListItem","position":2,"name":"Chefugee Mundial"}]},{"@type":"WebSite","@id":"https:\/\/madridforrefugees.org\/es\/home-2\/#website","url":"https:\/\/madridforrefugees.org\/es\/home-2\/","name":"MadridForRefugees","description":"Helping Refugees in Madrid and Abroad","publisher":{"@id":"https:\/\/madridforrefugees.org\/es\/home-2\/#organization"},"potentialAction":[{"@type":"SearchAction","target":{"@type":"EntryPoint","urlTemplate":"https:\/\/madridforrefugees.org\/es\/home-2\/?s={search_term_string}"},"query-input":{"@type":"PropertyValueSpecification","valueRequired":true,"valueName":"search_term_string"}}],"inLanguage":"es"},{"@type":"Organization","@id":"https:\/\/madridforrefugees.org\/es\/home-2\/#organization","name":"Madrid for Refugees","url":"https:\/\/madridforrefugees.org\/es\/home-2\/","logo":{"@type":"ImageObject","inLanguage":"es","@id":"https:\/\/madridforrefugees.org\/es\/home-2\/#\/schema\/logo\/image\/","url":"https:\/\/madridforrefugees.org\/wp-content\/uploads\/2021\/11\/MFR-Logo-Initials-Words.png","contentUrl":"https:\/\/madridforrefugees.org\/wp-content\/uploads\/2021\/11\/MFR-Logo-Initials-Words.png","width":233,"height":83,"caption":"Madrid for Refugees"},"image":{"@id":"https:\/\/madridforrefugees.org\/es\/home-2\/#\/schema\/logo\/image\/"},"sameAs":["https:\/\/www.facebook.com\/Madrid4Refugees\/","https:\/\/x.com\/Madrid4Refugees","https:\/\/www.instagram.com\/weloverefugees\/","https:\/\/www.linkedin.com\/company\/madrid-for-refugees","https:\/\/www.pinterest.com\/weloverefugees\/"]},{"@type":"Person","@id":"https:\/\/madridforrefugees.org\/es\/home-2\/#\/schema\/person\/dc54e70a1f4c80ea7e662560032ba577","name":"madridforrefugees","url":"https:\/\/madridforrefugees.org\/es\/author\/madridforrefugees\/"}]}},"jetpack_publicize_connections":[],"jetpack_featured_media_url":"https:\/\/madridforrefugees.org\/wp-content\/uploads\/2016\/12\/So-Easy-to-Cook-and-El-Mundo-journalist-1.jpg","jetpack_likes_enabled":true,"jetpack_sharing_enabled":true,"amp_enabled":true,"_links":{"self":[{"href":"https:\/\/madridforrefugees.org\/es\/wp-json\/wp\/v2\/posts\/655","targetHints":{"allow":["GET"]}}],"collection":[{"href":"https:\/\/madridforrefugees.org\/es\/wp-json\/wp\/v2\/posts"}],"about":[{"href":"https:\/\/madridforrefugees.org\/es\/wp-json\/wp\/v2\/types\/post"}],"author":[{"embeddable":true,"href":"https:\/\/madridforrefugees.org\/es\/wp-json\/wp\/v2\/users\/27"}],"replies":[{"embeddable":true,"href":"https:\/\/madridforrefugees.org\/es\/wp-json\/wp\/v2\/comments?post=655"}],"version-history":[{"count":0,"href":"https:\/\/madridforrefugees.org\/es\/wp-json\/wp\/v2\/posts\/655\/revisions"}],"wp:featuredmedia":[{"embeddable":true,"href":"https:\/\/madridforrefugees.org\/es\/wp-json\/wp\/v2\/media\/4145"}],"wp:attachment":[{"href":"https:\/\/madridforrefugees.org\/es\/wp-json\/wp\/v2\/media?parent=655"}],"wp:term":[{"taxonomy":"category","embeddable":true,"href":"https:\/\/madridforrefugees.org\/es\/wp-json\/wp\/v2\/categories?post=655"},{"taxonomy":"post_tag","embeddable":true,"href":"https:\/\/madridforrefugees.org\/es\/wp-json\/wp\/v2\/tags?post=655"}],"curies":[{"name":"wp","href":"https:\/\/api.w.org\/{rel}","templated":true}]}}